{"id":14747,"date":"2021-06-23T12:14:10","date_gmt":"2021-06-23T12:14:10","guid":{"rendered":"http:\/\/www.galerieartconcept.com\/art-paris-grand-palais-ephemere-paris-fr-september-9-12-2021\/"},"modified":"2021-06-23T14:30:02","modified_gmt":"2021-06-23T14:30:02","slug":"art-paris-grand-palais-ephemere-paris-fr-september-9-12-2021","status":"publish","type":"post","link":"https:\/\/www.galerieartconcept.com\/fr\/art-paris-grand-palais-ephemere-paris-fr-september-9-12-2021\/","title":{"rendered":"Art Paris, Grand Palais \u00c9ph\u00e9m\u00e8re, Paris\/FR, 9 &#8211; 12 septembre, 2021"},"content":{"rendered":"\n<figure class=\"wp-block-image size-large\"><img loading=\"lazy\" decoding=\"async\" width=\"826\" height=\"1024\" src=\"https:\/\/www.galerieartconcept.com\/wp-content\/uploads\/2021\/06\/BP268_JeanneAngkor_2020-1-826x1024.jpg\" alt=\"\" class=\"wp-image-14743\" srcset=\"https:\/\/www.galerieartconcept.com\/wp-content\/uploads\/2021\/06\/BP268_JeanneAngkor_2020-1-826x1024.jpg 826w, https:\/\/www.galerieartconcept.com\/wp-content\/uploads\/2021\/06\/BP268_JeanneAngkor_2020-1-242x300.jpg 242w, https:\/\/www.galerieartconcept.com\/wp-content\/uploads\/2021\/06\/BP268_JeanneAngkor_2020-1-768x952.jpg 768w, https:\/\/www.galerieartconcept.com\/wp-content\/uploads\/2021\/06\/BP268_JeanneAngkor_2020-1-1239x1536.jpg 1239w, https:\/\/www.galerieartconcept.com\/wp-content\/uploads\/2021\/06\/BP268_JeanneAngkor_2020-1-1652x2048.jpg 1652w, https:\/\/www.galerieartconcept.com\/wp-content\/uploads\/2021\/06\/BP268_JeanneAngkor_2020-1-1200x1488.jpg 1200w, https:\/\/www.galerieartconcept.com\/wp-content\/uploads\/2021\/06\/BP268_JeanneAngkor_2020-1-1980x2455.jpg 1980w\" sizes=\"auto, (max-width: 826px) 100vw, 826px\" \/><figcaption>Jean-Luc Blanc, <em>Jeanne Angkor<\/em>, 2020, oil on canvas, 150 \u00d7 120 cm \u00a9 Romain Darnaud<\/figcaption><\/figure>\n\n\n\n<p>La galerie a le plaisir d\u2019annoncer sa participation dans l&rsquo;\u00e9dition 2021 de Art Paris<br><br>Avec\u00a0<br>Caroline Achaintre, Jean-Luc Blanc, Ulla von Brandenburg, Corentin Grossmann, Miryam Haddad<\/p>\n\n\n\n<p>Art Paris<br>du 9 &#8211; 12 septembre, 2021<br>VIP &amp; Prestige vernissage 8 septembre de 11h &#8211; 21h<\/p>\n\n\n\n<p>Plus d&rsquo;informations : <a href=\"https:\/\/www.artparis.com\/\">www.artparis.com<\/a><\/p>\n\n\n\n<p><\/p>\n","protected":false},"excerpt":{"rendered":"<p>La galerie a le plaisir d\u2019annoncer sa participation dans l&rsquo;\u00e9dition 2021 de Art Paris Avec\u00a0Caroline Achaintre, Jean-Luc Blanc, Ulla von Brandenburg, Corentin Grossmann, Miryam Haddad Art Parisdu 9 &#8211; 12 septembre, 2021VIP &amp; Prestige vernissage 8 septembre de 11h &#8211; 21h Plus d&rsquo;informations : www.artparis.com<\/p>\n","protected":false},"author":1,"featured_media":0,"comment_status":"open","ping_status":"open","sticky":false,"template":"","format":"standard","meta":{"footnotes":""},"categories":[9],"tags":[244,245,121],"class_list":["post-14747","post","type-post","status-publish","format-standard","hentry","category-news-fr","tag-art-concept-fr","tag-art-paris-fr","tag-jean-luc-blanc-fr"],"_links":{"self":[{"href":"https:\/\/www.galerieartconcept.com\/fr\/wp-json\/wp\/v2\/posts\/14747","targetHints":{"allow":["GET"]}}],"collection":[{"href":"https:\/\/www.galerieartconcept.com\/fr\/wp-json\/wp\/v2\/posts"}],"about":[{"href":"https:\/\/www.galerieartconcept.com\/fr\/wp-json\/wp\/v2\/types\/post"}],"author":[{"embeddable":true,"href":"https:\/\/www.galerieartconcept.com\/fr\/wp-json\/wp\/v2\/users\/1"}],"replies":[{"embeddable":true,"href":"https:\/\/www.galerieartconcept.com\/fr\/wp-json\/wp\/v2\/comments?post=14747"}],"version-history":[{"count":4,"href":"https:\/\/www.galerieartconcept.com\/fr\/wp-json\/wp\/v2\/posts\/14747\/revisions"}],"predecessor-version":[{"id":14853,"href":"https:\/\/www.galerieartconcept.com\/fr\/wp-json\/wp\/v2\/posts\/14747\/revisions\/14853"}],"wp:attachment":[{"href":"https:\/\/www.galerieartconcept.com\/fr\/wp-json\/wp\/v2\/media?parent=14747"}],"wp:term":[{"taxonomy":"category","embeddable":true,"href":"https:\/\/www.galerieartconcept.com\/fr\/wp-json\/wp\/v2\/categories?post=14747"},{"taxonomy":"post_tag","embeddable":true,"href":"https:\/\/www.galerieartconcept.com\/fr\/wp-json\/wp\/v2\/tags?post=14747"}],"curies":[{"name":"wp","href":"https:\/\/api.w.org\/{rel}","templated":true}]}}