{"id":14709,"date":"2021-06-22T15:25:59","date_gmt":"2021-06-22T15:25:59","guid":{"rendered":"http:\/\/www.galerieartconcept.com\/ulla-von-brandenburg-fu-fu-fu-fu-funf-2006-performance-centre-pompidou-paris-fr-june-26-2021\/"},"modified":"2021-06-23T10:08:25","modified_gmt":"2021-06-23T10:08:25","slug":"ulla-von-brandenburg-fu-fu-fu-fu-funf-2006-performance-centre-pompidou-paris-fr-june-26-2021","status":"publish","type":"post","link":"https:\/\/www.galerieartconcept.com\/fr\/ulla-von-brandenburg-fu-fu-fu-fu-funf-2006-performance-centre-pompidou-paris-fr-june-26-2021\/","title":{"rendered":"Ulla von Brandenburg, F\u00fc-F\u00fc-F\u00fc-F\u00fc-F\u00fcnf,  2006, Performance, Centre Pompidou, Paris\/FR, 26 juin, 2021"},"content":{"rendered":"\n<figure class=\"wp-block-image size-large\"><img loading=\"lazy\" decoding=\"async\" width=\"712\" height=\"1024\" src=\"https:\/\/www.galerieartconcept.com\/wp-content\/uploads\/2021\/06\/Fufufufunf-pompidou-712x1024.jpg\" alt=\"\" class=\"wp-image-14719\" srcset=\"https:\/\/www.galerieartconcept.com\/wp-content\/uploads\/2021\/06\/Fufufufunf-pompidou-712x1024.jpg 712w, https:\/\/www.galerieartconcept.com\/wp-content\/uploads\/2021\/06\/Fufufufunf-pompidou-209x300.jpg 209w, https:\/\/www.galerieartconcept.com\/wp-content\/uploads\/2021\/06\/Fufufufunf-pompidou-768x1105.jpg 768w, https:\/\/www.galerieartconcept.com\/wp-content\/uploads\/2021\/06\/Fufufufunf-pompidou-1068x1536.jpg 1068w, https:\/\/www.galerieartconcept.com\/wp-content\/uploads\/2021\/06\/Fufufufunf-pompidou-1424x2048.jpg 1424w, https:\/\/www.galerieartconcept.com\/wp-content\/uploads\/2021\/06\/Fufufufunf-pompidou-1200x1726.jpg 1200w, https:\/\/www.galerieartconcept.com\/wp-content\/uploads\/2021\/06\/Fufufufunf-pompidou.jpg 1760w\" sizes=\"auto, (max-width: 712px) 100vw, 712px\" \/><figcaption>Ulla von Brandenburg, <em>F\u00fc-F\u00fc-F\u00fc-F\u00fc-F\u00fcnf,<\/em> 2006, performance, 5&prime;<\/figcaption><\/figure>\n\n\n\n<p>Ulla von Brandenburg<br><em>F\u00fc-F\u00fc-F\u00fc-F\u00fc-F\u00fcnf,<\/em> 2006<\/p>\n\n\n\n<p>\u00ab Un homme en costume, assis sur une table et tenant sa t\u00eate dans ses mains, d\u00e9clame une chanson en allemand : cette sayn\u00e8te imagin\u00e9e par l\u2019artiste Ulla von Brandenburg semble proche d\u2019un petit th\u00e9\u00e2tre de rue, comme un num\u00e9ro de foire sorti d\u2019un fond folklorique ancien. \u00bb<br>Avec : Beno\u00eet R\u00e9sillot et Giuseppe Molino.<br>Dans le cadre de Tableaux vivants, performances au Mus\u00e9e.<\/p>\n\n\n\n<p>26 juin, 2021<br>15:00 &#8211; 18:00<br>Mus\u00e9e, niveau 4 s<br>Acc\u00e8s libre <\/p>\n\n\n\n<p>Le Centre Pompidou<br>Place Georges-Pompidou<br>75004&nbsp;Paris &#8211; FR<\/p>\n\n\n\n<p>Plus d&rsquo;informations : <a href=\"https:\/\/www.centrepompidou.fr\/en\/program\/calendar\/event\/dQprOlA\">www.centrepompidou.fr<\/a><\/p>\n\n\n\n<p><\/p>\n\n\n\n<p><\/p>\n","protected":false},"excerpt":{"rendered":"<p>Ulla von BrandenburgF\u00fc-F\u00fc-F\u00fc-F\u00fc-F\u00fcnf, 2006 \u00ab Un homme en costume, assis sur une table et tenant sa t\u00eate dans ses mains, d\u00e9clame une chanson en allemand : cette sayn\u00e8te imagin\u00e9e par l\u2019artiste Ulla von Brandenburg semble proche d\u2019un petit th\u00e9\u00e2tre de rue, comme un num\u00e9ro de foire sorti d\u2019un fond folklorique ancien. \u00bbAvec : Beno\u00eet R\u00e9sillot [&hellip;]<\/p>\n","protected":false},"author":1,"featured_media":0,"comment_status":"open","ping_status":"open","sticky":false,"template":"","format":"standard","meta":{"footnotes":""},"categories":[9],"tags":[],"class_list":["post-14709","post","type-post","status-publish","format-standard","hentry","category-news-fr"],"_links":{"self":[{"href":"https:\/\/www.galerieartconcept.com\/fr\/wp-json\/wp\/v2\/posts\/14709","targetHints":{"allow":["GET"]}}],"collection":[{"href":"https:\/\/www.galerieartconcept.com\/fr\/wp-json\/wp\/v2\/posts"}],"about":[{"href":"https:\/\/www.galerieartconcept.com\/fr\/wp-json\/wp\/v2\/types\/post"}],"author":[{"embeddable":true,"href":"https:\/\/www.galerieartconcept.com\/fr\/wp-json\/wp\/v2\/users\/1"}],"replies":[{"embeddable":true,"href":"https:\/\/www.galerieartconcept.com\/fr\/wp-json\/wp\/v2\/comments?post=14709"}],"version-history":[{"count":6,"href":"https:\/\/www.galerieartconcept.com\/fr\/wp-json\/wp\/v2\/posts\/14709\/revisions"}],"predecessor-version":[{"id":14721,"href":"https:\/\/www.galerieartconcept.com\/fr\/wp-json\/wp\/v2\/posts\/14709\/revisions\/14721"}],"wp:attachment":[{"href":"https:\/\/www.galerieartconcept.com\/fr\/wp-json\/wp\/v2\/media?parent=14709"}],"wp:term":[{"taxonomy":"category","embeddable":true,"href":"https:\/\/www.galerieartconcept.com\/fr\/wp-json\/wp\/v2\/categories?post=14709"},{"taxonomy":"post_tag","embeddable":true,"href":"https:\/\/www.galerieartconcept.com\/fr\/wp-json\/wp\/v2\/tags?post=14709"}],"curies":[{"name":"wp","href":"https:\/\/api.w.org\/{rel}","templated":true}]}}