{"id":14648,"date":"2021-06-16T14:02:26","date_gmt":"2021-06-16T14:02:26","guid":{"rendered":"http:\/\/www.galerieartconcept.com\/michel-blazy-miroir-du-ciel-eac-espace-de-lart-concret-mouans-sartoux-fr-from-july-4-to-october-10-2021\/"},"modified":"2021-07-08T16:15:16","modified_gmt":"2021-07-08T16:15:16","slug":"michel-blazy-miroir-du-ciel-eac-espace-de-lart-concret-mouans-sartoux-fr-from-july-4-to-october-10-2021","status":"publish","type":"post","link":"https:\/\/www.galerieartconcept.com\/fr\/michel-blazy-miroir-du-ciel-eac-espace-de-lart-concret-mouans-sartoux-fr-from-july-4-to-october-10-2021\/","title":{"rendered":"Michel Blazy, Miroir du ciel, eac \u2013 Espace de l\u2019Art Concret, Mouans-Sartoux\/FR, du 4 juillet au 10 octobre, 2021"},"content":{"rendered":"\n<figure class=\"wp-block-image size-large\"><img loading=\"lazy\" decoding=\"async\" width=\"819\" height=\"1024\" src=\"https:\/\/www.galerieartconcept.com\/wp-content\/uploads\/2021\/06\/BLA1089-819x1024.jpg\" alt=\"\" class=\"wp-image-14644\" srcset=\"https:\/\/www.galerieartconcept.com\/wp-content\/uploads\/2021\/06\/BLA1089-819x1024.jpg 819w, https:\/\/www.galerieartconcept.com\/wp-content\/uploads\/2021\/06\/BLA1089-240x300.jpg 240w, https:\/\/www.galerieartconcept.com\/wp-content\/uploads\/2021\/06\/BLA1089-768x960.jpg 768w, https:\/\/www.galerieartconcept.com\/wp-content\/uploads\/2021\/06\/BLA1089-1229x1536.jpg 1229w, https:\/\/www.galerieartconcept.com\/wp-content\/uploads\/2021\/06\/BLA1089-1638x2048.jpg 1638w, https:\/\/www.galerieartconcept.com\/wp-content\/uploads\/2021\/06\/BLA1089-1200x1500.jpg 1200w, https:\/\/www.galerieartconcept.com\/wp-content\/uploads\/2021\/06\/BLA1089-1980x2475.jpg 1980w, https:\/\/www.galerieartconcept.com\/wp-content\/uploads\/2021\/06\/BLA1089-scaled.jpg 2048w\" sizes=\"auto, (max-width: 819px) 100vw, 819px\" \/><figcaption>Michel Blazy, <em>E133-8<\/em>, 2018. Colorant alimentaire E133, sel, eau, sur carton plume. 64,5 \u00d7 50 cm (25 \u215c \u00d7 19 \u215d inches)<\/figcaption><\/figure>\n\n\n\n<p>Michel Blazy pr\u00e9sentera plusieurs \u0153uvres dans l&rsquo;exposition<br>Miroir du ciel<br>du 4 juillet au 10 octobre, 2021<\/p>\n\n\n\n<p>\u00c0 l\u2019occasion du 20\u00e8 anniversaire du Prix Marcel Duchamp, l\u2019eac. a \u00e9t\u00e9 invit\u00e9 par l\u2019ADIAF \u00e0 se joindre \u00e0 la c\u00e9l\u00e9bration de cet \u00e9v\u00e9nement. L&rsquo;\u00e9v\u00e8nement r\u00e9unira partout en France plus d&rsquo;une dizaine de manifestations et d&rsquo;expositions \u00e0 travers les r\u00e9seaux des Frac et des centres d&rsquo;art.<\/p>\n\n\n\n<p><\/p>\n\n\n\n<p>eac \u2013 Espace de l\u2019Art Concret <br>Ch\u00e2teau de Mouans<br>06370 Mouans-Sartoux\/FR<br><br>Plus informations : <a href=\"http:\/\/www.espacedelartconcret.fr\/index.php\/fr\/exposition\/miroir-du-ciel\">www.espacedelartconcret.fr<\/a><br><\/p>\n\n\n\n<p><\/p>\n\n\n\n<p><\/p>\n","protected":false},"excerpt":{"rendered":"<p>Michel Blazy pr\u00e9sentera plusieurs \u0153uvres dans l&rsquo;expositionMiroir du cieldu 4 juillet au 10 octobre, 2021 \u00c0 l\u2019occasion du 20\u00e8 anniversaire du Prix Marcel Duchamp, l\u2019eac. a \u00e9t\u00e9 invit\u00e9 par l\u2019ADIAF \u00e0 se joindre \u00e0 la c\u00e9l\u00e9bration de cet \u00e9v\u00e9nement. L&rsquo;\u00e9v\u00e8nement r\u00e9unira partout en France plus d&rsquo;une dizaine de manifestations et d&rsquo;expositions \u00e0 travers les r\u00e9seaux [&hellip;]<\/p>\n","protected":false},"author":1,"featured_media":0,"comment_status":"open","ping_status":"open","sticky":false,"template":"","format":"standard","meta":{"footnotes":""},"categories":[9],"tags":[233,111,234],"class_list":["post-14648","post","type-post","status-publish","format-standard","hentry","category-news-fr","tag-eac-fr","tag-michel-blazy-fr","tag-miroir-du-ciel-fr"],"_links":{"self":[{"href":"https:\/\/www.galerieartconcept.com\/fr\/wp-json\/wp\/v2\/posts\/14648","targetHints":{"allow":["GET"]}}],"collection":[{"href":"https:\/\/www.galerieartconcept.com\/fr\/wp-json\/wp\/v2\/posts"}],"about":[{"href":"https:\/\/www.galerieartconcept.com\/fr\/wp-json\/wp\/v2\/types\/post"}],"author":[{"embeddable":true,"href":"https:\/\/www.galerieartconcept.com\/fr\/wp-json\/wp\/v2\/users\/1"}],"replies":[{"embeddable":true,"href":"https:\/\/www.galerieartconcept.com\/fr\/wp-json\/wp\/v2\/comments?post=14648"}],"version-history":[{"count":3,"href":"https:\/\/www.galerieartconcept.com\/fr\/wp-json\/wp\/v2\/posts\/14648\/revisions"}],"predecessor-version":[{"id":14660,"href":"https:\/\/www.galerieartconcept.com\/fr\/wp-json\/wp\/v2\/posts\/14648\/revisions\/14660"}],"wp:attachment":[{"href":"https:\/\/www.galerieartconcept.com\/fr\/wp-json\/wp\/v2\/media?parent=14648"}],"wp:term":[{"taxonomy":"category","embeddable":true,"href":"https:\/\/www.galerieartconcept.com\/fr\/wp-json\/wp\/v2\/categories?post=14648"},{"taxonomy":"post_tag","embeddable":true,"href":"https:\/\/www.galerieartconcept.com\/fr\/wp-json\/wp\/v2\/tags?post=14648"}],"curies":[{"name":"wp","href":"https:\/\/api.w.org\/{rel}","templated":true}]}}