{"id":14605,"date":"2021-06-12T14:14:08","date_gmt":"2021-06-12T14:14:08","guid":{"rendered":"http:\/\/www.galerieartconcept.com\/caroline-achaintre-michel-blazy-ulla-von-brandenburg-la-couleur-crue-musee-des-beaux-arts-de-rennes-rennes-fr-from-june-12-to-august-29-2021\/"},"modified":"2022-02-22T15:40:34","modified_gmt":"2022-02-22T15:40:34","slug":"caroline-achaintre-michel-blazy-ulla-von-brandenburg-la-couleur-crue-musee-des-beaux-arts-de-rennes-rennes-fr-from-june-12-to-august-29-2021","status":"publish","type":"post","link":"https:\/\/www.galerieartconcept.com\/fr\/caroline-achaintre-michel-blazy-ulla-von-brandenburg-la-couleur-crue-musee-des-beaux-arts-de-rennes-rennes-fr-from-june-12-to-august-29-2021\/","title":{"rendered":"Caroline Achaintre, Michel Blazy &#038; Ulla von Brandenburg, La Couleur crue, Mus\u00e9e des Beaux-Arts de Rennes, Rennes\/FR, du 12 juin au 29 ao\u00fbt, 2021"},"content":{"rendered":"\n<figure class=\"wp-block-image size-large\"><img loading=\"lazy\" decoding=\"async\" width=\"1024\" height=\"681\" src=\"https:\/\/www.galerieartconcept.com\/wp-content\/uploads\/2021\/06\/BLA192-b-1024x681.jpg\" alt=\"\" class=\"wp-image-14601\" srcset=\"https:\/\/www.galerieartconcept.com\/wp-content\/uploads\/2021\/06\/BLA192-b-1024x681.jpg 1024w, https:\/\/www.galerieartconcept.com\/wp-content\/uploads\/2021\/06\/BLA192-b-300x200.jpg 300w, https:\/\/www.galerieartconcept.com\/wp-content\/uploads\/2021\/06\/BLA192-b-768x511.jpg 768w, https:\/\/www.galerieartconcept.com\/wp-content\/uploads\/2021\/06\/BLA192-b-1536x1022.jpg 1536w, https:\/\/www.galerieartconcept.com\/wp-content\/uploads\/2021\/06\/BLA192-b-2048x1363.jpg 2048w, https:\/\/www.galerieartconcept.com\/wp-content\/uploads\/2021\/06\/BLA192-b-1200x798.jpg 1200w, https:\/\/www.galerieartconcept.com\/wp-content\/uploads\/2021\/06\/BLA192-b-1980x1318.jpg 1980w\" sizes=\"auto, (max-width: 1024px) 100vw, 1024px\" \/><figcaption>Michel Blazy, <em>Mur de pellicules rouge<\/em>, 2002-2015, eau, agar-agar, peinture acrylique blanche, colorant alimentaire rouge, colle \u00e0 papier peint, dimensions variables. Vue d&rsquo;exposition, On the metaphor of growth, Kunsthaus, B\u00e2le\/CH, 2011. Photo: Viktor Kolib\u00e0l<\/figcaption><\/figure>\n\n\n\n<p>Caroline Achaintre, Michel Blazy &amp; Ulla von Brandenburg <\/p>\n\n\n\n<p>La Couleur crue <br>Mus\u00e9e des Beaux-Arts de Rennes <br>12.06.21 &#8211; 29.08.21<br><br>Du 12 juin au 29 ao\u00fbt, \u00e0 l\u2019occasion de l\u2019\u00e9v\u00e9nement artistique estival \u00ab Exporama \u00bb et en \u00e9cho \u00e0 l\u2019exposition au Couvent des Jacobins \u00ab Au-del\u00e0 de la Couleur. Le noir et le blanc dans la collection Pinault \u00bb, le Mus\u00e9e des beaux-arts de Rennes pr\u00e9sente \u00ab La Couleur crue \u00bb.<br><br>Mus\u00e9e des Beaux-Arts de Rennes<br>20 Quai Emile Zola<br>35000 Rennes\/FR<\/p>\n\n\n\n<p>Plus d&rsquo;informations : <a href=\"https:\/\/mba.rennes.fr\/fr\/article\/expo-la-couleur-crue\/\">mba.rennes.fr<\/a><\/p>\n","protected":false},"excerpt":{"rendered":"<p>Caroline Achaintre, Michel Blazy &amp; Ulla von Brandenburg La Couleur crue Mus\u00e9e des Beaux-Arts de Rennes 12.06.21 &#8211; 29.08.21 Du 12 juin au 29 ao\u00fbt, \u00e0 l\u2019occasion de l\u2019\u00e9v\u00e9nement artistique estival \u00ab Exporama \u00bb et en \u00e9cho \u00e0 l\u2019exposition au Couvent des Jacobins \u00ab Au-del\u00e0 de la Couleur. Le noir et le blanc dans la [&hellip;]<\/p>\n","protected":false},"author":1,"featured_media":0,"comment_status":"open","ping_status":"open","sticky":false,"template":"","format":"standard","meta":{"footnotes":""},"categories":[9],"tags":[104,111,109],"class_list":["post-14605","post","type-post","status-publish","format-standard","hentry","category-news-fr","tag-caroline-achaintre-fr","tag-michel-blazy-fr","tag-ulla-von-brandenburg-fr"],"_links":{"self":[{"href":"https:\/\/www.galerieartconcept.com\/fr\/wp-json\/wp\/v2\/posts\/14605","targetHints":{"allow":["GET"]}}],"collection":[{"href":"https:\/\/www.galerieartconcept.com\/fr\/wp-json\/wp\/v2\/posts"}],"about":[{"href":"https:\/\/www.galerieartconcept.com\/fr\/wp-json\/wp\/v2\/types\/post"}],"author":[{"embeddable":true,"href":"https:\/\/www.galerieartconcept.com\/fr\/wp-json\/wp\/v2\/users\/1"}],"replies":[{"embeddable":true,"href":"https:\/\/www.galerieartconcept.com\/fr\/wp-json\/wp\/v2\/comments?post=14605"}],"version-history":[{"count":5,"href":"https:\/\/www.galerieartconcept.com\/fr\/wp-json\/wp\/v2\/posts\/14605\/revisions"}],"predecessor-version":[{"id":14674,"href":"https:\/\/www.galerieartconcept.com\/fr\/wp-json\/wp\/v2\/posts\/14605\/revisions\/14674"}],"wp:attachment":[{"href":"https:\/\/www.galerieartconcept.com\/fr\/wp-json\/wp\/v2\/media?parent=14605"}],"wp:term":[{"taxonomy":"category","embeddable":true,"href":"https:\/\/www.galerieartconcept.com\/fr\/wp-json\/wp\/v2\/categories?post=14605"},{"taxonomy":"post_tag","embeddable":true,"href":"https:\/\/www.galerieartconcept.com\/fr\/wp-json\/wp\/v2\/tags?post=14605"}],"curies":[{"name":"wp","href":"https:\/\/api.w.org\/{rel}","templated":true}]}}