{"id":45538,"date":"2026-01-17T14:25:45","date_gmt":"2026-01-17T14:25:45","guid":{"rendered":"https:\/\/www.galerieartconcept.com\/?p=45538"},"modified":"2026-04-14T09:52:20","modified_gmt":"2026-04-14T09:52:20","slug":"hubert-duprat-deja-vu-oeuvres-des-collections-du-frac-bretagne-passerelle-%e2%8e%b9-manoir-de-kerlaouen-fr-march-18-may-16-2026","status":"publish","type":"post","link":"https:\/\/www.galerieartconcept.com\/en\/hubert-duprat-deja-vu-oeuvres-des-collections-du-frac-bretagne-passerelle-%e2%8e%b9-manoir-de-kerlaouen-fr-march-18-may-16-2026\/","title":{"rendered":"Hubert Duprat, D\u00e9j\u00e0 vu. \u0152uvres des collections du Frac Bretagne, Passerelle \u23b9 Manoir de Kerlaouen\/FR. March 18 &#8211; May 16, 2026"},"content":{"rendered":"\n<p>In 2026, Passerelle ventures beyond its walls. From spring, the contemporary art centre takes up residence at the Manoir de Kerlaouen in Lesneven for the fourth consecutive year, inviting the Frac Bretagne for a new exhibition exploring the question of the gaze and the way we see.<\/p>\n\n\n\n<p>Sometimes we have the feeling of having already lived through a situation, visited a place, seen an image before. The sensation is brief, strange, often impossible to explain. We know it is not a precise memory, yet the feeling persists.<\/p>\n\n\n\n<p>This exhibition takes that familiar experience as its starting point: d\u00e9j\u00e0-vu.<\/p>\n\n\n\n<p>The works on show do not tell new stories. On the contrary, they replay, repeat, and revisit forms, images and gestures we think we recognise. Some seem to come from another time. Others resemble images from films, paintings or collective memory. Yet on closer inspection, something never quite adds up.<\/p>\n\n\n\n<p>Here, d\u00e9j\u00e0-vu is not a mistake. It is a way of looking.<\/p>\n\n\n\n<p>The artists work with what we already carry in our minds: familiar images, recognisable styles, inherited forms. But they shift, slow down, repeat or subtly transform them. This displacement creates unease. The viewer&#8230; [read more]<\/p>\n\n\n\n<p>Conceived by Morgane Est\u00e8ve, Collection and Territorial Projects Officer at the Frac Bretagne, and Lo\u00efc Le Gall, Director of Passerelle Centre d&#8217;art contemporain.<\/p>\n\n\n\n<p>Passerelle Centre d&#8217;art contemporain | Manoir de Kerlaouen, 48 rue g\u00e9n\u00e9ral de Gaulle, F-29260 Lesneven Exhibition from 18 March to 16 May 2026 \u2014 Open Wednesday to Saturday, 2\u20137 pm (except public holidays) Free admission In partnership with the Ville de Lesneven.<\/p>\n\n\n\n<p><a href=\"https:\/\/www.cac-passerelle.com\/expositions\/en-cours\/deja-vu\/\" data-type=\"link\" data-id=\"https:\/\/www.cac-passerelle.com\/expositions\/en-cours\/deja-vu\/\">Further information<\/a><\/p>\n","protected":false},"excerpt":{"rendered":"<p>In 2026, Passerelle ventures beyond its walls. From spring, the contemporary art centre takes up residence at the Manoir de Kerlaouen in Lesneven for the fourth consecutive year, inviting the Frac Bretagne for a new exhibition exploring the question of the gaze and the way we see. Sometimes we have the feeling of having already [&hellip;]<\/p>\n","protected":false},"author":1,"featured_media":0,"comment_status":"open","ping_status":"open","sticky":false,"template":"","format":"standard","meta":{"footnotes":""},"categories":[3],"tags":[],"class_list":["post-45538","post","type-post","status-publish","format-standard","hentry","category-news"],"_links":{"self":[{"href":"https:\/\/www.galerieartconcept.com\/en\/wp-json\/wp\/v2\/posts\/45538","targetHints":{"allow":["GET"]}}],"collection":[{"href":"https:\/\/www.galerieartconcept.com\/en\/wp-json\/wp\/v2\/posts"}],"about":[{"href":"https:\/\/www.galerieartconcept.com\/en\/wp-json\/wp\/v2\/types\/post"}],"author":[{"embeddable":true,"href":"https:\/\/www.galerieartconcept.com\/en\/wp-json\/wp\/v2\/users\/1"}],"replies":[{"embeddable":true,"href":"https:\/\/www.galerieartconcept.com\/en\/wp-json\/wp\/v2\/comments?post=45538"}],"version-history":[{"count":2,"href":"https:\/\/www.galerieartconcept.com\/en\/wp-json\/wp\/v2\/posts\/45538\/revisions"}],"predecessor-version":[{"id":45540,"href":"https:\/\/www.galerieartconcept.com\/en\/wp-json\/wp\/v2\/posts\/45538\/revisions\/45540"}],"wp:attachment":[{"href":"https:\/\/www.galerieartconcept.com\/en\/wp-json\/wp\/v2\/media?parent=45538"}],"wp:term":[{"taxonomy":"category","embeddable":true,"href":"https:\/\/www.galerieartconcept.com\/en\/wp-json\/wp\/v2\/categories?post=45538"},{"taxonomy":"post_tag","embeddable":true,"href":"https:\/\/www.galerieartconcept.com\/en\/wp-json\/wp\/v2\/tags?post=45538"}],"curies":[{"name":"wp","href":"https:\/\/api.w.org\/{rel}","templated":true}]}}