{"id":26248,"date":"2023-01-20T10:34:44","date_gmt":"2023-01-20T10:34:44","guid":{"rendered":"http:\/\/www.galerieartconcept.com\/?p=26248"},"modified":"2024-06-24T13:52:15","modified_gmt":"2024-06-24T13:52:15","slug":"nina-childress-jean-luc-blanc-souvenir-nouveau-le-grand-cafe-centre-dart-dinteret-national-saint-nazaire-fr-june-10-september-10-2023","status":"publish","type":"post","link":"https:\/\/www.galerieartconcept.com\/en\/nina-childress-jean-luc-blanc-souvenir-nouveau-le-grand-cafe-centre-dart-dinteret-national-saint-nazaire-fr-june-10-september-10-2023\/","title":{"rendered":"Nina Childress, Jean-Luc Blanc, Souvenir nouveau, Le Grand Caf\u00e9 &#8211; centre d&#8217;art d&#8217;int\u00e9r\u00eat national, Saint-Nazaire\/FR. June 10 &#8211; September 10, 2023"},"content":{"rendered":"\n<figure class=\"wp-block-image size-large\"><img loading=\"lazy\" decoding=\"async\" width=\"1024\" height=\"683\" src=\"http:\/\/www.galerieartconcept.com\/wp-content\/uploads\/1170-NC-2023-Petite-nageuse-1024x683.jpg\" alt=\"\" class=\"wp-image-26253\" srcset=\"https:\/\/www.galerieartconcept.com\/wp-content\/uploads\/1170-NC-2023-Petite-nageuse-1024x683.jpg 1024w, https:\/\/www.galerieartconcept.com\/wp-content\/uploads\/1170-NC-2023-Petite-nageuse-300x200.jpg 300w, https:\/\/www.galerieartconcept.com\/wp-content\/uploads\/1170-NC-2023-Petite-nageuse-768x512.jpg 768w, https:\/\/www.galerieartconcept.com\/wp-content\/uploads\/1170-NC-2023-Petite-nageuse-1536x1024.jpg 1536w, https:\/\/www.galerieartconcept.com\/wp-content\/uploads\/1170-NC-2023-Petite-nageuse-2048x1366.jpg 2048w, https:\/\/www.galerieartconcept.com\/wp-content\/uploads\/1170-NC-2023-Petite-nageuse-1200x800.jpg 1200w, https:\/\/www.galerieartconcept.com\/wp-content\/uploads\/1170-NC-2023-Petite-nageuse-1980x1321.jpg 1980w\" sizes=\"auto, (max-width: 1024px) 100vw, 1024px\" \/><figcaption>Nina Childress, <em>Petite nageuse<\/em>, 2023. Acrylic, phosphorescent acrylic, oil, iridescent oil, 1-shot, mirror fabric, adhesive mirror and blue tape, on silver canvas and holographic fabric. Courtesy the Artist and Art : Concept, Paris. Photo Romain Darnaud<\/figcaption><\/figure>\n\n\n\n<p><em>Souvenir Nouveau<\/em> [<em>New Memory<\/em>] might be the name of a caf\u00e9, past or present but definitely not retro. One where the day\u2019s news, from near and far, becomes a blend of contradictory echoes: a place of passage and discussion, brawls and fantasies, where you show off a little, inventing stories for yourself. Where you flee your impotence and where, above all else, you seek out allies. Loosened tongues set the world to rights, build the surroundings they desire, and welcome undesirables. The future becomes palpable, a new memory.&nbsp;<em>Souvenir Nouveau<\/em> brings artists from a diversity of countries and aesthetic horizons together to form a heterogeneous and deliberately dissonant territory: the visitor is invited to roam through a succession of works and situations, by turns colourful, bright or dark, with only their eyes and body for a compass.<\/p>\n\n\n\n<p>With Jean-Pierre Allain, Ethan Assouline, Jean-Luc Blanc, Pierrette Bloch, Anne Bourse, Nina Childress, Sylvie Fanchon, Hamedine Kane, Liz Magor, M\u00e9lanie Matranga, Armineh Negahdari, Raffaella della Olga, Gyan Panchal, Amol K. Patil, Laurent Proux, Samuel Richardot, Anne-Lise Seusse<\/p>\n\n\n\n<p>Curator: Anne Bonnin<\/p>\n\n\n\n<p><a href=\"https:\/\/www.grandcafe-saintnazaire.fr\/expositions\/souvenir-nouveau\/\" data-type=\"URL\" data-id=\"https:\/\/www.grandcafe-saintnazaire.fr\/expositions\/souvenir-nouveau\/\">Further information<\/a><\/p>\n","protected":false},"excerpt":{"rendered":"<p>Souvenir Nouveau [New Memory] might be the name of a caf\u00e9, past or present but definitely not retro. One where the day\u2019s news, from near and far, becomes a blend of contradictory echoes: a place of passage and discussion, brawls and fantasies, where you show off a little, inventing stories for yourself. Where you flee [&hellip;]<\/p>\n","protected":false},"author":1,"featured_media":0,"comment_status":"open","ping_status":"open","sticky":false,"template":"","format":"standard","meta":{"footnotes":""},"categories":[3],"tags":[],"class_list":["post-26248","post","type-post","status-publish","format-standard","hentry","category-news"],"_links":{"self":[{"href":"https:\/\/www.galerieartconcept.com\/en\/wp-json\/wp\/v2\/posts\/26248","targetHints":{"allow":["GET"]}}],"collection":[{"href":"https:\/\/www.galerieartconcept.com\/en\/wp-json\/wp\/v2\/posts"}],"about":[{"href":"https:\/\/www.galerieartconcept.com\/en\/wp-json\/wp\/v2\/types\/post"}],"author":[{"embeddable":true,"href":"https:\/\/www.galerieartconcept.com\/en\/wp-json\/wp\/v2\/users\/1"}],"replies":[{"embeddable":true,"href":"https:\/\/www.galerieartconcept.com\/en\/wp-json\/wp\/v2\/comments?post=26248"}],"version-history":[{"count":8,"href":"https:\/\/www.galerieartconcept.com\/en\/wp-json\/wp\/v2\/posts\/26248\/revisions"}],"predecessor-version":[{"id":31707,"href":"https:\/\/www.galerieartconcept.com\/en\/wp-json\/wp\/v2\/posts\/26248\/revisions\/31707"}],"wp:attachment":[{"href":"https:\/\/www.galerieartconcept.com\/en\/wp-json\/wp\/v2\/media?parent=26248"}],"wp:term":[{"taxonomy":"category","embeddable":true,"href":"https:\/\/www.galerieartconcept.com\/en\/wp-json\/wp\/v2\/categories?post=26248"},{"taxonomy":"post_tag","embeddable":true,"href":"https:\/\/www.galerieartconcept.com\/en\/wp-json\/wp\/v2\/tags?post=26248"}],"curies":[{"name":"wp","href":"https:\/\/api.w.org\/{rel}","templated":true}]}}