{"id":26223,"date":"2023-01-20T13:20:53","date_gmt":"2023-01-20T13:20:53","guid":{"rendered":"http:\/\/www.galerieartconcept.com\/?p=26223"},"modified":"2024-06-24T09:31:24","modified_gmt":"2024-06-24T09:31:24","slug":"ulla-von-brandenburg-biennale-internationale-du-son-valais-ch-september-16-october-29-2023","status":"publish","type":"post","link":"https:\/\/www.galerieartconcept.com\/en\/ulla-von-brandenburg-biennale-internationale-du-son-valais-ch-september-16-october-29-2023\/","title":{"rendered":"Ulla von Brandenburg, Biennale internationale du son, Valais\/CH. September 16 &#8211; October 29, 2023"},"content":{"rendered":"\n<figure class=\"wp-block-image size-large\"><img loading=\"lazy\" decoding=\"async\" width=\"1024\" height=\"616\" src=\"http:\/\/www.galerieartconcept.com\/wp-content\/uploads\/UVB-2020-Lemilieuestbleu-still-5-1024x616.jpg\" alt=\"\" class=\"wp-image-26224\" srcset=\"https:\/\/www.galerieartconcept.com\/wp-content\/uploads\/UVB-2020-Lemilieuestbleu-still-5-1024x616.jpg 1024w, https:\/\/www.galerieartconcept.com\/wp-content\/uploads\/UVB-2020-Lemilieuestbleu-still-5-300x181.jpg 300w, https:\/\/www.galerieartconcept.com\/wp-content\/uploads\/UVB-2020-Lemilieuestbleu-still-5-768x462.jpg 768w, https:\/\/www.galerieartconcept.com\/wp-content\/uploads\/UVB-2020-Lemilieuestbleu-still-5-1536x925.jpg 1536w, https:\/\/www.galerieartconcept.com\/wp-content\/uploads\/UVB-2020-Lemilieuestbleu-still-5-1200x722.jpg 1200w, https:\/\/www.galerieartconcept.com\/wp-content\/uploads\/UVB-2020-Lemilieuestbleu-still-5.jpg 1794w\" sizes=\"auto, (max-width: 1024px) 100vw, 1024px\" \/><\/figure>\n\n\n\n<figure class=\"wp-block-image size-large\"><img loading=\"lazy\" decoding=\"async\" width=\"1024\" height=\"616\" src=\"http:\/\/www.galerieartconcept.com\/wp-content\/uploads\/UVB-2020-Lemilieuestbleu-still-10-1024x616.jpg\" alt=\"\" class=\"wp-image-26226\" srcset=\"https:\/\/www.galerieartconcept.com\/wp-content\/uploads\/UVB-2020-Lemilieuestbleu-still-10-1024x616.jpg 1024w, https:\/\/www.galerieartconcept.com\/wp-content\/uploads\/UVB-2020-Lemilieuestbleu-still-10-300x181.jpg 300w, https:\/\/www.galerieartconcept.com\/wp-content\/uploads\/UVB-2020-Lemilieuestbleu-still-10-768x462.jpg 768w, https:\/\/www.galerieartconcept.com\/wp-content\/uploads\/UVB-2020-Lemilieuestbleu-still-10-1536x925.jpg 1536w, https:\/\/www.galerieartconcept.com\/wp-content\/uploads\/UVB-2020-Lemilieuestbleu-still-10-1200x722.jpg 1200w, https:\/\/www.galerieartconcept.com\/wp-content\/uploads\/UVB-2020-Lemilieuestbleu-still-10.jpg 1794w\" sizes=\"auto, (max-width: 1024px) 100vw, 1024px\" \/><\/figure>\n\n\n\n<figure class=\"wp-block-image size-large is-resized\"><img loading=\"lazy\" decoding=\"async\" src=\"http:\/\/www.galerieartconcept.com\/wp-content\/uploads\/UVB-2020-Lemilieuestbleu-still-14-1024x618.jpg\" alt=\"\" class=\"wp-image-26228\" width=\"610\" height=\"368\" srcset=\"https:\/\/www.galerieartconcept.com\/wp-content\/uploads\/UVB-2020-Lemilieuestbleu-still-14-1024x618.jpg 1024w, https:\/\/www.galerieartconcept.com\/wp-content\/uploads\/UVB-2020-Lemilieuestbleu-still-14-300x181.jpg 300w, https:\/\/www.galerieartconcept.com\/wp-content\/uploads\/UVB-2020-Lemilieuestbleu-still-14-768x463.jpg 768w, https:\/\/www.galerieartconcept.com\/wp-content\/uploads\/UVB-2020-Lemilieuestbleu-still-14-1536x927.jpg 1536w, https:\/\/www.galerieartconcept.com\/wp-content\/uploads\/UVB-2020-Lemilieuestbleu-still-14-1200x724.jpg 1200w, https:\/\/www.galerieartconcept.com\/wp-content\/uploads\/UVB-2020-Lemilieuestbleu-still-14.jpg 1790w\" sizes=\"auto, (max-width: 610px) 100vw, 610px\" \/><figcaption>Ulla von Brandenburg, Le milieu est bleu, 2020. <br>Super 16 mm film transferred to HD video, color, sound, 23\u201943\u201d<br>Courtesy of the artist and Art : Concept (Paris); Meyer Riegger (Berlin\/Karlsruhe\/Basel); Pilar Corrias Gallery (London); Produzentengalerie (Hamburg)<br>In partnership with the Palais de Tokyo, Paris, le Th\u00e9\u00e2tre du Peuple, Bussang, the CND Centre National de la Danse, Pantin and the Op\u00e9ra National de Paris. <a href=\"http:\/\/www.galerieartconcept.com\/wp-content\/uploads\/Ulla-von-Brandenburg-Le-Milieu-est-bleu-text.pdf\" data-type=\"URL\" data-id=\"http:\/\/www.galerieartconcept.com\/wp-content\/uploads\/Ulla-von-Brandenburg-Le-Milieu-est-bleu-text.pdf\">Full credits<\/a>. <\/figcaption><\/figure>\n\n\n\n<p>With the aim of &#8220;creating and organizing a contemporary art event of international stature, in which sound &#8211; in all its forms &#8211; constitutes the heart of the event&#8221;, this biennial brings together sound installations and silent works in which sound is induced, as well as a series of events (sound performances, concerts, public discussions, etc.) across different venues, towns and villages (Sion, Martigny, Lo\u00e8che, Sierre\u2026).<\/p>\n\n\n\n<p>As part of the exhibition Echoes of a Collection. \u0152uvres du Frac Franche-Comt\u00e9 (curated by Sylvie Zavatta, director of the Frac, in collaboration with Christophe Fellay, artist and teacher at EDHEA, Jean-Paul Felley, director of EDHEA) from September 16 to October 29, 2023 in Martigny (Switzerland) will include the following works by Ulla von Brandenburg : The Record (2005-2014) and Le milieu est bleu (2020), which are part of the Collection of Frac Franche-Comt\u00e9.<\/p>\n\n\n\n<p><a href=\"https:\/\/www.biennaleson.ch\/\" data-type=\"URL\" data-id=\"https:\/\/www.biennaleson.ch\/\">Further information<\/a><\/p>\n","protected":false},"excerpt":{"rendered":"<p>With the aim of &#8220;creating and organizing a contemporary art event of international stature, in which sound &#8211; in all its forms &#8211; constitutes the heart of the event&#8221;, this biennial brings together sound installations and silent works in which sound is induced, as well as a series of events (sound performances, concerts, public discussions, [&hellip;]<\/p>\n","protected":false},"author":1,"featured_media":0,"comment_status":"open","ping_status":"open","sticky":false,"template":"","format":"standard","meta":{"footnotes":""},"categories":[3],"tags":[],"class_list":["post-26223","post","type-post","status-publish","format-standard","hentry","category-news"],"_links":{"self":[{"href":"https:\/\/www.galerieartconcept.com\/en\/wp-json\/wp\/v2\/posts\/26223","targetHints":{"allow":["GET"]}}],"collection":[{"href":"https:\/\/www.galerieartconcept.com\/en\/wp-json\/wp\/v2\/posts"}],"about":[{"href":"https:\/\/www.galerieartconcept.com\/en\/wp-json\/wp\/v2\/types\/post"}],"author":[{"embeddable":true,"href":"https:\/\/www.galerieartconcept.com\/en\/wp-json\/wp\/v2\/users\/1"}],"replies":[{"embeddable":true,"href":"https:\/\/www.galerieartconcept.com\/en\/wp-json\/wp\/v2\/comments?post=26223"}],"version-history":[{"count":2,"href":"https:\/\/www.galerieartconcept.com\/en\/wp-json\/wp\/v2\/posts\/26223\/revisions"}],"predecessor-version":[{"id":26233,"href":"https:\/\/www.galerieartconcept.com\/en\/wp-json\/wp\/v2\/posts\/26223\/revisions\/26233"}],"wp:attachment":[{"href":"https:\/\/www.galerieartconcept.com\/en\/wp-json\/wp\/v2\/media?parent=26223"}],"wp:term":[{"taxonomy":"category","embeddable":true,"href":"https:\/\/www.galerieartconcept.com\/en\/wp-json\/wp\/v2\/categories?post=26223"},{"taxonomy":"post_tag","embeddable":true,"href":"https:\/\/www.galerieartconcept.com\/en\/wp-json\/wp\/v2\/tags?post=26223"}],"curies":[{"name":"wp","href":"https:\/\/api.w.org\/{rel}","templated":true}]}}