{"id":22453,"date":"2023-01-19T10:58:36","date_gmt":"2023-01-19T10:58:36","guid":{"rendered":"http:\/\/www.galerieartconcept.com\/?p=22453"},"modified":"2023-01-19T10:59:12","modified_gmt":"2023-01-19T10:59:12","slug":"nina-childress-esprit-pop-es-tu-la-plongee-dans-les-annees-pop-les-franciscaines-deauville-fr-january-28-june-25-2023","status":"publish","type":"post","link":"https:\/\/www.galerieartconcept.com\/en\/nina-childress-esprit-pop-es-tu-la-plongee-dans-les-annees-pop-les-franciscaines-deauville-fr-january-28-june-25-2023\/","title":{"rendered":"Nina Childress, Esprit POP, es-tu l\u00e0 ? PLONG\u00c9E DANS LES ANN\u00c9ES POP, Les Franciscaines, Deauville\/FR, January 28 &#8211; June 25, 2023"},"content":{"rendered":"\n<figure class=\"wp-block-image size-large\"><img loading=\"lazy\" decoding=\"async\" width=\"768\" height=\"1024\" src=\"http:\/\/www.galerieartconcept.com\/wp-content\/uploads\/NC-768x1024.jpg\" alt=\"\" class=\"wp-image-22454\" srcset=\"https:\/\/www.galerieartconcept.com\/wp-content\/uploads\/NC-768x1024.jpg 768w, https:\/\/www.galerieartconcept.com\/wp-content\/uploads\/NC-225x300.jpg 225w, https:\/\/www.galerieartconcept.com\/wp-content\/uploads\/NC-1152x1536.jpg 1152w, https:\/\/www.galerieartconcept.com\/wp-content\/uploads\/NC-1536x2048.jpg 1536w, https:\/\/www.galerieartconcept.com\/wp-content\/uploads\/NC-1200x1600.jpg 1200w, https:\/\/www.galerieartconcept.com\/wp-content\/uploads\/NC-1980x2641.jpg 1980w, https:\/\/www.galerieartconcept.com\/wp-content\/uploads\/NC-scaled.jpg 1920w\" sizes=\"auto, (max-width: 768px) 100vw, 768px\" \/><figcaption>Nina Childress, Portrait de Sylvie Vartan, 1986. Acrylique, huile, collage sur toile, encadr\u00e9 \/ Acrylic, oil, collage on canvas, framed. 40 \u00d7 60 cm (15 \u00be \u00d7 23 \u215d inches)<\/figcaption><\/figure>\n\n\n\n<p>A reflection on what the sixties, the pop years, brought and continue to inspire on the aesthetic level.<br>Sixty years later, we take a look at this so-called &#8220;happy&#8221; society, sometimes ironically, to better understand what might be lacking in our own.<\/p>\n\n\n\n<p>Andy Warhol, Roy Lichtenstein, dialogue with William Klein, David La Chapelle and Nina Childress.<\/p>\n\n\n\n<p><a href=\"https:\/\/lesfranciscaines.fr\/fr\/programmation\/esprit-pop-es-tu-la\" data-type=\"URL\" data-id=\"https:\/\/lesfranciscaines.fr\/fr\/programmation\/esprit-pop-es-tu-la\">Further informations<\/a><\/p>\n","protected":false},"excerpt":{"rendered":"<p>A reflection on what the sixties, the pop years, brought and continue to inspire on the aesthetic level.Sixty years later, we take a look at this so-called &#8220;happy&#8221; society, sometimes ironically, to better understand what might be lacking in our own. Andy Warhol, Roy Lichtenstein, dialogue with William Klein, David La Chapelle and Nina Childress. [&hellip;]<\/p>\n","protected":false},"author":1,"featured_media":0,"comment_status":"open","ping_status":"open","sticky":false,"template":"","format":"standard","meta":{"footnotes":""},"categories":[3],"tags":[],"class_list":["post-22453","post","type-post","status-publish","format-standard","hentry","category-news"],"_links":{"self":[{"href":"https:\/\/www.galerieartconcept.com\/en\/wp-json\/wp\/v2\/posts\/22453","targetHints":{"allow":["GET"]}}],"collection":[{"href":"https:\/\/www.galerieartconcept.com\/en\/wp-json\/wp\/v2\/posts"}],"about":[{"href":"https:\/\/www.galerieartconcept.com\/en\/wp-json\/wp\/v2\/types\/post"}],"author":[{"embeddable":true,"href":"https:\/\/www.galerieartconcept.com\/en\/wp-json\/wp\/v2\/users\/1"}],"replies":[{"embeddable":true,"href":"https:\/\/www.galerieartconcept.com\/en\/wp-json\/wp\/v2\/comments?post=22453"}],"version-history":[{"count":4,"href":"https:\/\/www.galerieartconcept.com\/en\/wp-json\/wp\/v2\/posts\/22453\/revisions"}],"predecessor-version":[{"id":22480,"href":"https:\/\/www.galerieartconcept.com\/en\/wp-json\/wp\/v2\/posts\/22453\/revisions\/22480"}],"wp:attachment":[{"href":"https:\/\/www.galerieartconcept.com\/en\/wp-json\/wp\/v2\/media?parent=22453"}],"wp:term":[{"taxonomy":"category","embeddable":true,"href":"https:\/\/www.galerieartconcept.com\/en\/wp-json\/wp\/v2\/categories?post=22453"},{"taxonomy":"post_tag","embeddable":true,"href":"https:\/\/www.galerieartconcept.com\/en\/wp-json\/wp\/v2\/tags?post=22453"}],"curies":[{"name":"wp","href":"https:\/\/api.w.org\/{rel}","templated":true}]}}