{"id":19508,"date":"2022-03-28T08:39:34","date_gmt":"2022-03-28T08:39:34","guid":{"rendered":"http:\/\/www.galerieartconcept.com\/?p=19508"},"modified":"2022-07-20T15:54:32","modified_gmt":"2022-07-20T15:54:32","slug":"tania-perez-cordova-shifting-the-silence-moma-san-francisco-ca-us-april-9-september-5-2022","status":"publish","type":"post","link":"https:\/\/www.galerieartconcept.com\/en\/tania-perez-cordova-shifting-the-silence-moma-san-francisco-ca-us-april-9-september-5-2022\/","title":{"rendered":"Tania P\u00e9rez C\u00f3rdova, Shifting the Silence, MOMA San Francisco, CA\/US, April 9 \u2013 September 5, 2022"},"content":{"rendered":"\n<figure class=\"wp-block-image size-full\"><img loading=\"lazy\" decoding=\"async\" width=\"768\" height=\"622\" src=\"http:\/\/www.galerieartconcept.com\/wp-content\/uploads\/x2021.4069.01_01_P02-Large-JPEG_5x7-768x622-1.jpg\" alt=\"\" class=\"wp-image-19509\" srcset=\"https:\/\/www.galerieartconcept.com\/wp-content\/uploads\/x2021.4069.01_01_P02-Large-JPEG_5x7-768x622-1.jpg 768w, https:\/\/www.galerieartconcept.com\/wp-content\/uploads\/x2021.4069.01_01_P02-Large-JPEG_5x7-768x622-1-300x243.jpg 300w\" sizes=\"auto, (max-width: 768px) 100vw, 768px\" \/><figcaption>Tania P\u00e9rez C\u00f3rdova, Images 4, 2017, collection SFMOMA; Shawn and Brook Byers Fund for Women Artists \u00a9 Tania P\u00e9rez C\u00f3rdova<\/figcaption><\/figure>\n\n\n\n<p><em>Shifting the Silence<\/em> features dynamic works by thirty-two women artists who use the radical language of abstraction to enhance our understanding of the world we inhabit. Named after artist Etel Adnan\u2019s 2020 book about history and existence, <em>Shifting the Silence<\/em> embraces experimentation, impermanence, and subjectivity \u2014 bold yet poetic characteristics that mark the art of our time.<\/p>\n\n\n\n<p>Featuring recently acquired works by Firelei B\u00e1ez, Nairy Baghramian, Liz Hern\u00e1ndez, Cinthia Marcelle, Tania P\u00e9rez C\u00f3rdova, Lorna Simpson, and Haegue Yang, the exhibition harnesses their defiant, yet enlightened energy to explore visual culture, the motivations of its practitioners, and its varied influences. This experiential exhibition of art produced over the last quarter-century includes sculpture, photography, textile, video, painting, and time-based installation.<\/p>\n\n\n\n<p><a href=\"https:\/\/www.sfmoma.org\/exhibition\/shifting-the-silence\/\" data-type=\"URL\" data-id=\"https:\/\/www.sfmoma.org\/exhibition\/shifting-the-silence\/\">Further information<\/a><\/p>\n","protected":false},"excerpt":{"rendered":"<p>Shifting the Silence features dynamic works by thirty-two women artists who use the radical language of abstraction to enhance our understanding of the world we inhabit. Named after artist Etel Adnan\u2019s 2020 book about history and existence, Shifting the Silence embraces experimentation, impermanence, and subjectivity \u2014 bold yet poetic characteristics that mark the art of [&hellip;]<\/p>\n","protected":false},"author":1,"featured_media":0,"comment_status":"open","ping_status":"open","sticky":false,"template":"","format":"standard","meta":{"footnotes":""},"categories":[3],"tags":[],"class_list":["post-19508","post","type-post","status-publish","format-standard","hentry","category-news"],"_links":{"self":[{"href":"https:\/\/www.galerieartconcept.com\/en\/wp-json\/wp\/v2\/posts\/19508","targetHints":{"allow":["GET"]}}],"collection":[{"href":"https:\/\/www.galerieartconcept.com\/en\/wp-json\/wp\/v2\/posts"}],"about":[{"href":"https:\/\/www.galerieartconcept.com\/en\/wp-json\/wp\/v2\/types\/post"}],"author":[{"embeddable":true,"href":"https:\/\/www.galerieartconcept.com\/en\/wp-json\/wp\/v2\/users\/1"}],"replies":[{"embeddable":true,"href":"https:\/\/www.galerieartconcept.com\/en\/wp-json\/wp\/v2\/comments?post=19508"}],"version-history":[{"count":4,"href":"https:\/\/www.galerieartconcept.com\/en\/wp-json\/wp\/v2\/posts\/19508\/revisions"}],"predecessor-version":[{"id":19518,"href":"https:\/\/www.galerieartconcept.com\/en\/wp-json\/wp\/v2\/posts\/19508\/revisions\/19518"}],"wp:attachment":[{"href":"https:\/\/www.galerieartconcept.com\/en\/wp-json\/wp\/v2\/media?parent=19508"}],"wp:term":[{"taxonomy":"category","embeddable":true,"href":"https:\/\/www.galerieartconcept.com\/en\/wp-json\/wp\/v2\/categories?post=19508"},{"taxonomy":"post_tag","embeddable":true,"href":"https:\/\/www.galerieartconcept.com\/en\/wp-json\/wp\/v2\/tags?post=19508"}],"curies":[{"name":"wp","href":"https:\/\/api.w.org\/{rel}","templated":true}]}}