{"id":19013,"date":"2022-05-20T14:15:56","date_gmt":"2022-05-20T14:15:56","guid":{"rendered":"http:\/\/www.galerieartconcept.com\/michel-blazy-lignes-de-fuite-centre-international-dart-et-du-paysage-10-juillet-6-novembre-2022\/"},"modified":"2024-06-26T08:21:18","modified_gmt":"2024-06-26T08:21:18","slug":"michel-blazy-lignes-de-fuite-centre-international-dart-et-du-paysage-10-juillet-6-novembre-2022","status":"publish","type":"post","link":"https:\/\/www.galerieartconcept.com\/en\/michel-blazy-lignes-de-fuite-centre-international-dart-et-du-paysage-10-juillet-6-novembre-2022\/","title":{"rendered":"Michel Blazy, Lignes de fuite, Centre international d&#8217;art et du paysage, July 10 &#8211; November 6, 2022"},"content":{"rendered":"\n<figure class=\"wp-block-image size-large\"><img loading=\"lazy\" decoding=\"async\" width=\"1024\" height=\"683\" src=\"https:\/\/www.galerieartconcept.com\/wp-content\/uploads\/CIAPV-2022-Lignes-de-Fuite-021-2-1024x683.jpg\" alt=\"\" class=\"wp-image-31826\" srcset=\"https:\/\/www.galerieartconcept.com\/wp-content\/uploads\/CIAPV-2022-Lignes-de-Fuite-021-2-1024x683.jpg 1024w, https:\/\/www.galerieartconcept.com\/wp-content\/uploads\/CIAPV-2022-Lignes-de-Fuite-021-2-300x200.jpg 300w, https:\/\/www.galerieartconcept.com\/wp-content\/uploads\/CIAPV-2022-Lignes-de-Fuite-021-2-768x512.jpg 768w, https:\/\/www.galerieartconcept.com\/wp-content\/uploads\/CIAPV-2022-Lignes-de-Fuite-021-2-1536x1025.jpg 1536w, https:\/\/www.galerieartconcept.com\/wp-content\/uploads\/CIAPV-2022-Lignes-de-Fuite-021-2-1200x800.jpg 1200w, https:\/\/www.galerieartconcept.com\/wp-content\/uploads\/CIAPV-2022-Lignes-de-Fuite-021-2.jpg 1859w\" sizes=\"auto, (max-width: 1024px) 100vw, 1024px\" \/><figcaption><meta charset=\"utf-8\">Vue d&#8217;exposition \/ Installation views : Lignes de fuite, 2022, CIAP Vassivi\u00e8re, \u00cele de Vassivi\u00e8re\/FR. Photo : \u00a9 Aur\u00e9lien Mole<\/figcaption><\/figure>\n\n\n\n<figure class=\"wp-block-image size-large\"><img loading=\"lazy\" decoding=\"async\" width=\"1024\" height=\"683\" src=\"http:\/\/www.galerieartconcept.com\/wp-content\/uploads\/CIAPV-2022-Lignes-de-Fuite-056-1024x683.jpg\" alt=\"\" class=\"wp-image-31816\" srcset=\"https:\/\/www.galerieartconcept.com\/wp-content\/uploads\/CIAPV-2022-Lignes-de-Fuite-056-1024x683.jpg 1024w, https:\/\/www.galerieartconcept.com\/wp-content\/uploads\/CIAPV-2022-Lignes-de-Fuite-056-300x200.jpg 300w, https:\/\/www.galerieartconcept.com\/wp-content\/uploads\/CIAPV-2022-Lignes-de-Fuite-056-768x512.jpg 768w, https:\/\/www.galerieartconcept.com\/wp-content\/uploads\/CIAPV-2022-Lignes-de-Fuite-056-1536x1024.jpg 1536w, https:\/\/www.galerieartconcept.com\/wp-content\/uploads\/CIAPV-2022-Lignes-de-Fuite-056-1200x800.jpg 1200w, https:\/\/www.galerieartconcept.com\/wp-content\/uploads\/CIAPV-2022-Lignes-de-Fuite-056.jpg 1860w\" sizes=\"auto, (max-width: 1024px) 100vw, 1024px\" \/><figcaption>Michel Blazy, Tapis d\u2019accueil 3, 2022. Tapis, corde coco, eau, plantes, poubelle en plastique \/ Carpet, coco rope, water, plants, plastic garbage can, 4 x 3 m, 2022. Courtesy Art : Concept. Production CIAPV. \u00a9 ADAGP, Paris &#8211; 2022.  <br>Vue d&#8217;exposition \/ Installation views : Lignes de fuite, 2022, CIAP Vassivi\u00e8re, \u00cele de Vassivi\u00e8re\/FR. Photo : \u00a9 Aur\u00e9lien Mole<\/figcaption><\/figure>\n\n\n\n<figure class=\"wp-block-image size-large is-resized\"><img decoding=\"async\" src=\"http:\/\/www.galerieartconcept.com\/wp-content\/uploads\/CIAPV-2022-Lignes-de-Fuite-126-682x1024.jpg\" alt=\"\" class=\"wp-image-31818\" width=\"1024\" srcset=\"https:\/\/www.galerieartconcept.com\/wp-content\/uploads\/CIAPV-2022-Lignes-de-Fuite-126-682x1024.jpg 682w, https:\/\/www.galerieartconcept.com\/wp-content\/uploads\/CIAPV-2022-Lignes-de-Fuite-126-200x300.jpg 200w, https:\/\/www.galerieartconcept.com\/wp-content\/uploads\/CIAPV-2022-Lignes-de-Fuite-126-768x1153.jpg 768w, https:\/\/www.galerieartconcept.com\/wp-content\/uploads\/CIAPV-2022-Lignes-de-Fuite-126.jpg 826w\" sizes=\"(max-width: 682px) 100vw, 682px\" \/><figcaption>Michel Blazy, L\u2019hypoth\u00e8se Chammet. \u00c9tude pour la commande Nouveaux Commanditaires du Centre de recherche et d\u2019\u00e9tude de la For\u00eat (CREF), Faux-la-Montagne, 2019. Ensemble de dessins et texte de Michel Blazy \/ Study for the Nouveaux Commanditaires commission for the Centre de recherche et d&#8217;\u00e9tude de la For\u00eat (CREF), Faux-la-Montagne, 2019. Set of drawings and text by Michel Blazy.<\/figcaption><\/figure>\n\n\n\n<p>Michel Blazy (France), Mohamed Bourouissa (France), Zac Langdon-Pole (New-Zealand), Richard Long (UK),* Isa Melsheimer (Germany), Nadia Myre (Canada), Mathieu Pernot (France), Cl\u00e9ment Villiers (France), Lois Weinberger (Austria)<\/p>\n\n\n\n<p><em>Lines of Flight<\/em>\u00a0is a collective exhibition around ideas of movement across territorial and political boundaries. Drawing together natural and anthropogenic processes, the works on view question notions of native and non-native species, climate change, and voluntary and involuntary migrations. From 19th-century scientific expeditions that facilitated imperial expansion to the\u00a0transnational movement of plants to the passage of migrants through territories, the exhibition proposes a series of encounters between plants, animals, and humans in all our varied states of restlessness.<\/p>\n\n\n\n<p><a href=\"https:\/\/ciapiledevassiviere.com\/item\/305\" data-type=\"URL\" data-id=\"https:\/\/ciapiledevassiviere.com\/item\/305\">Further information<\/a><\/p>\n","protected":false},"excerpt":{"rendered":"<p>Michel Blazy (France), Mohamed Bourouissa (France), Zac Langdon-Pole (New-Zealand), Richard Long (UK),* Isa Melsheimer (Germany), Nadia Myre (Canada), Mathieu Pernot (France), Cl\u00e9ment Villiers (France), Lois Weinberger (Austria) Lines of Flight\u00a0is a collective exhibition around ideas of movement across territorial and political boundaries. Drawing together natural and anthropogenic processes, the works on view question notions of [&hellip;]<\/p>\n","protected":false},"author":1,"featured_media":0,"comment_status":"open","ping_status":"open","sticky":false,"template":"","format":"standard","meta":{"footnotes":""},"categories":[3],"tags":[],"class_list":["post-19013","post","type-post","status-publish","format-standard","hentry","category-news"],"_links":{"self":[{"href":"https:\/\/www.galerieartconcept.com\/en\/wp-json\/wp\/v2\/posts\/19013","targetHints":{"allow":["GET"]}}],"collection":[{"href":"https:\/\/www.galerieartconcept.com\/en\/wp-json\/wp\/v2\/posts"}],"about":[{"href":"https:\/\/www.galerieartconcept.com\/en\/wp-json\/wp\/v2\/types\/post"}],"author":[{"embeddable":true,"href":"https:\/\/www.galerieartconcept.com\/en\/wp-json\/wp\/v2\/users\/1"}],"replies":[{"embeddable":true,"href":"https:\/\/www.galerieartconcept.com\/en\/wp-json\/wp\/v2\/comments?post=19013"}],"version-history":[{"count":9,"href":"https:\/\/www.galerieartconcept.com\/en\/wp-json\/wp\/v2\/posts\/19013\/revisions"}],"predecessor-version":[{"id":31829,"href":"https:\/\/www.galerieartconcept.com\/en\/wp-json\/wp\/v2\/posts\/19013\/revisions\/31829"}],"wp:attachment":[{"href":"https:\/\/www.galerieartconcept.com\/en\/wp-json\/wp\/v2\/media?parent=19013"}],"wp:term":[{"taxonomy":"category","embeddable":true,"href":"https:\/\/www.galerieartconcept.com\/en\/wp-json\/wp\/v2\/categories?post=19013"},{"taxonomy":"post_tag","embeddable":true,"href":"https:\/\/www.galerieartconcept.com\/en\/wp-json\/wp\/v2\/tags?post=19013"}],"curies":[{"name":"wp","href":"https:\/\/api.w.org\/{rel}","templated":true}]}}