{"id":18112,"date":"2022-03-29T09:02:31","date_gmt":"2022-03-29T09:02:31","guid":{"rendered":"http:\/\/www.galerieartconcept.com\/ulla-von-brandenburg-die-walkure-de-richard-wagner-staatsoper-stuttgart-10-avril-2-mai-2022\/"},"modified":"2024-06-26T09:47:34","modified_gmt":"2024-06-26T09:47:34","slug":"ulla-von-brandenburg-die-walkure-de-richard-wagner-staatsoper-stuttgart-10-avril-2-mai-2022","status":"publish","type":"post","link":"https:\/\/www.galerieartconcept.com\/en\/ulla-von-brandenburg-die-walkure-de-richard-wagner-staatsoper-stuttgart-10-avril-2-mai-2022\/","title":{"rendered":"Ulla von Brandenburg, Die Walk\u00fcre by Richard Wagner, Staatsoper Stuttgart, April 10 &#8211; May 2, 2022"},"content":{"rendered":"\n<figure class=\"wp-block-image size-large\"><img loading=\"lazy\" decoding=\"async\" width=\"1024\" height=\"598\" src=\"http:\/\/www.galerieartconcept.com\/wp-content\/uploads\/SIG7034-1-1024x598.jpg\" alt=\"\" class=\"wp-image-31903\" srcset=\"https:\/\/www.galerieartconcept.com\/wp-content\/uploads\/SIG7034-1-1024x598.jpg 1024w, https:\/\/www.galerieartconcept.com\/wp-content\/uploads\/SIG7034-1-300x175.jpg 300w, https:\/\/www.galerieartconcept.com\/wp-content\/uploads\/SIG7034-1-768x448.jpg 768w, https:\/\/www.galerieartconcept.com\/wp-content\/uploads\/SIG7034-1-1536x896.jpg 1536w, https:\/\/www.galerieartconcept.com\/wp-content\/uploads\/SIG7034-1-2048x1195.jpg 2048w, https:\/\/www.galerieartconcept.com\/wp-content\/uploads\/SIG7034-1-1200x700.jpg 1200w, https:\/\/www.galerieartconcept.com\/wp-content\/uploads\/SIG7034-1-1980x1156.jpg 1980w\" sizes=\"auto, (max-width: 1024px) 100vw, 1024px\" \/><figcaption>Die Walk\u00fcre, Richard Wagner, Staatsoper Stuttgart, 2022.\nRegie, set and costumes Ulla von Brandenburg \/ Benoit R\u00e9sillot \/ Julia Moss\u00e9 in Staatsoper Stuttgart, April-May 2022\nEsther Dierkes (Gerhilde); Clare Tunney(Helmwige); Leia Lensing (Waltraute); Stine Marie Fischer (Schwertleite); Catriona Smith (Ortlinde); Linsey Coppens (Siegrune); Anna Werle (Ro\u00dfwei\u00dfe); Maria Theresa Ullrich (Grimgerde); Okka von der Damerau (Br\u00fcnnhilde); Simone Schneider (Sieglinde); Brian Mulligan (Wotan)\nPhoto : Martin Sigmund<\/figcaption><\/figure>\n\n\n\n<figure class=\"wp-block-image size-large\"><img loading=\"lazy\" decoding=\"async\" width=\"1024\" height=\"683\" src=\"http:\/\/www.galerieartconcept.com\/wp-content\/uploads\/SGS0675_m-copie-2-1024x683.jpg\" alt=\"\" class=\"wp-image-31906\" srcset=\"https:\/\/www.galerieartconcept.com\/wp-content\/uploads\/SGS0675_m-copie-2-1024x683.jpg 1024w, https:\/\/www.galerieartconcept.com\/wp-content\/uploads\/SGS0675_m-copie-2-300x200.jpg 300w, https:\/\/www.galerieartconcept.com\/wp-content\/uploads\/SGS0675_m-copie-2-768x513.jpg 768w, https:\/\/www.galerieartconcept.com\/wp-content\/uploads\/SGS0675_m-copie-2-1536x1025.jpg 1536w, https:\/\/www.galerieartconcept.com\/wp-content\/uploads\/SGS0675_m-copie-2-2048x1367.jpg 2048w, https:\/\/www.galerieartconcept.com\/wp-content\/uploads\/SGS0675_m-copie-2-1200x801.jpg 1200w, https:\/\/www.galerieartconcept.com\/wp-content\/uploads\/SGS0675_m-copie-2-1980x1321.jpg 1980w\" sizes=\"auto, (max-width: 1024px) 100vw, 1024px\" \/><figcaption>Vue de l&#8217;exposition \/ Installation view: Ulla von Brandenburg, Masked and above all \u2013 discreet, 2022, detail, \u00a9 Courtesy of the artist and Meyer Riegger, Berlin\/Karlsruhe; Produzentengalerie Hamburg, Hamburg; Galerie Art: Concept, Paris; Pilar Corrias, London. Photo: Staatsgalerie Stuttgart, Sander Pitl<\/figcaption><\/figure>\n\n\n\n<p>Ulla von Brandenburg signs the concept, stage and costumes of Richard Wagner&#8217;s &#8216;Die Walk\u00fcre&#8217; third act at the Stuttgart Opera @staatsoperstuttgart.\u00a0<\/p>\n\n\n\n<p>The Premiere, scheduled for April 10, 2022, marks the opening of the Staatsoper Stuttgart&#8217;s third spring festival; additional performances of &#8216;Die Walk\u00fcre&#8217; will take place on April 18, 23, 29 and May 2, 2022.<\/p>\n\n\n\n<p>With the Dutch theater collective Hotel Modern (1. Act) and lighting designer Urs Sch\u00f6nebaum (2. Act).&nbsp;<\/p>\n\n\n\n<p><a href=\"https:\/\/www.nytimes.com\/2022\/04\/10\/arts\/music\/wagner-walkure-opera.html\" data-type=\"URL\" data-id=\"https:\/\/www.nytimes.com\/2022\/04\/10\/arts\/music\/wagner-walkure-opera.html\">Read the article published on The New York Times<\/a><\/p>\n","protected":false},"excerpt":{"rendered":"<p>Ulla von Brandenburg signs the concept, stage and costumes of Richard Wagner&#8217;s &#8216;Die Walk\u00fcre&#8217; third act at the Stuttgart Opera @staatsoperstuttgart.\u00a0 The Premiere, scheduled for April 10, 2022, marks the opening of the Staatsoper Stuttgart&#8217;s third spring festival; additional performances of &#8216;Die Walk\u00fcre&#8217; will take place on April 18, 23, 29 and May 2, 2022. [&hellip;]<\/p>\n","protected":false},"author":1,"featured_media":0,"comment_status":"open","ping_status":"open","sticky":false,"template":"","format":"standard","meta":{"footnotes":""},"categories":[3],"tags":[],"class_list":["post-18112","post","type-post","status-publish","format-standard","hentry","category-news"],"_links":{"self":[{"href":"https:\/\/www.galerieartconcept.com\/en\/wp-json\/wp\/v2\/posts\/18112","targetHints":{"allow":["GET"]}}],"collection":[{"href":"https:\/\/www.galerieartconcept.com\/en\/wp-json\/wp\/v2\/posts"}],"about":[{"href":"https:\/\/www.galerieartconcept.com\/en\/wp-json\/wp\/v2\/types\/post"}],"author":[{"embeddable":true,"href":"https:\/\/www.galerieartconcept.com\/en\/wp-json\/wp\/v2\/users\/1"}],"replies":[{"embeddable":true,"href":"https:\/\/www.galerieartconcept.com\/en\/wp-json\/wp\/v2\/comments?post=18112"}],"version-history":[{"count":5,"href":"https:\/\/www.galerieartconcept.com\/en\/wp-json\/wp\/v2\/posts\/18112\/revisions"}],"predecessor-version":[{"id":31909,"href":"https:\/\/www.galerieartconcept.com\/en\/wp-json\/wp\/v2\/posts\/18112\/revisions\/31909"}],"wp:attachment":[{"href":"https:\/\/www.galerieartconcept.com\/en\/wp-json\/wp\/v2\/media?parent=18112"}],"wp:term":[{"taxonomy":"category","embeddable":true,"href":"https:\/\/www.galerieartconcept.com\/en\/wp-json\/wp\/v2\/categories?post=18112"},{"taxonomy":"post_tag","embeddable":true,"href":"https:\/\/www.galerieartconcept.com\/en\/wp-json\/wp\/v2\/tags?post=18112"}],"curies":[{"name":"wp","href":"https:\/\/api.w.org\/{rel}","templated":true}]}}