{"id":17768,"date":"2022-02-09T16:07:21","date_gmt":"2022-02-09T16:07:21","guid":{"rendered":"http:\/\/www.galerieartconcept.com\/?p=17768"},"modified":"2024-06-26T09:58:19","modified_gmt":"2024-06-26T09:58:19","slug":"ulla-von-brandenburg-galerie-de-sevres-february-9-july-22-2022","status":"publish","type":"post","link":"https:\/\/www.galerieartconcept.com\/en\/ulla-von-brandenburg-galerie-de-sevres-february-9-july-22-2022\/","title":{"rendered":"Ulla von Brandenburg, Galerie de S\u00e8vres, February 9 &#8211; July 22, 2022"},"content":{"rendered":"\n<figure class=\"wp-block-image size-large\"><img loading=\"lazy\" decoding=\"async\" width=\"1024\" height=\"658\" src=\"http:\/\/www.galerieartconcept.com\/wp-content\/uploads\/273129392_478344673762986_736357307148516145_n-1024x658.jpg\" alt=\"\" class=\"wp-image-17769\" srcset=\"https:\/\/www.galerieartconcept.com\/wp-content\/uploads\/273129392_478344673762986_736357307148516145_n-1024x658.jpg 1024w, https:\/\/www.galerieartconcept.com\/wp-content\/uploads\/273129392_478344673762986_736357307148516145_n-300x193.jpg 300w, https:\/\/www.galerieartconcept.com\/wp-content\/uploads\/273129392_478344673762986_736357307148516145_n-768x493.jpg 768w, https:\/\/www.galerieartconcept.com\/wp-content\/uploads\/273129392_478344673762986_736357307148516145_n-1200x771.jpg 1200w, https:\/\/www.galerieartconcept.com\/wp-content\/uploads\/273129392_478344673762986_736357307148516145_n.jpg 1440w\" sizes=\"auto, (max-width: 1024px) 100vw, 1024px\" \/><figcaption>Right to left, works by Ulla von Brandenburg, Annette Messager and H\u00e9l\u00e8ne Delprat. Photo \u00a9 G\u00e9rard Jonca et Luc Riolon \/ S\u00e8vres \u2013 Manufacture et Mus\u00e9e nationaux<\/figcaption><\/figure>\n\n\n\n<p>Ulla von Brandenburg was invited by the Manufacture de S\u00e8vres, along with H\u00e9l\u00e8ne Delprat and Annette Messager, to create decorations on vases with characteristic French shapes.<\/p>\n\n\n\n<p>For her &#8220;grand feu firing&#8221;, Ulla von Brandenburg tackled the themes of dance, theatre, carnival and the circus, using warm colours drawn from a palette of more than 1,000 shades.<\/p>\n\n\n\n<p><a href=\"https:\/\/www.sevresciteceramique.fr\/manufacture\/les-artistes\/artist\/ulla-von-brandenburg.html\" data-type=\"URL\" data-id=\"https:\/\/www.sevresciteceramique.fr\/manufacture\/les-artistes\/artist\/ulla-von-brandenburg.html\">Further information<\/a><\/p>\n","protected":false},"excerpt":{"rendered":"<p>Ulla von Brandenburg was invited by the Manufacture de S\u00e8vres, along with H\u00e9l\u00e8ne Delprat and Annette Messager, to create decorations on vases with characteristic French shapes. For her &#8220;grand feu firing&#8221;, Ulla von Brandenburg tackled the themes of dance, theatre, carnival and the circus, using warm colours drawn from a palette of more than 1,000 [&hellip;]<\/p>\n","protected":false},"author":1,"featured_media":0,"comment_status":"open","ping_status":"open","sticky":false,"template":"","format":"standard","meta":{"footnotes":""},"categories":[3],"tags":[],"class_list":["post-17768","post","type-post","status-publish","format-standard","hentry","category-news"],"_links":{"self":[{"href":"https:\/\/www.galerieartconcept.com\/en\/wp-json\/wp\/v2\/posts\/17768","targetHints":{"allow":["GET"]}}],"collection":[{"href":"https:\/\/www.galerieartconcept.com\/en\/wp-json\/wp\/v2\/posts"}],"about":[{"href":"https:\/\/www.galerieartconcept.com\/en\/wp-json\/wp\/v2\/types\/post"}],"author":[{"embeddable":true,"href":"https:\/\/www.galerieartconcept.com\/en\/wp-json\/wp\/v2\/users\/1"}],"replies":[{"embeddable":true,"href":"https:\/\/www.galerieartconcept.com\/en\/wp-json\/wp\/v2\/comments?post=17768"}],"version-history":[{"count":3,"href":"https:\/\/www.galerieartconcept.com\/en\/wp-json\/wp\/v2\/posts\/17768\/revisions"}],"predecessor-version":[{"id":31934,"href":"https:\/\/www.galerieartconcept.com\/en\/wp-json\/wp\/v2\/posts\/17768\/revisions\/31934"}],"wp:attachment":[{"href":"https:\/\/www.galerieartconcept.com\/en\/wp-json\/wp\/v2\/media?parent=17768"}],"wp:term":[{"taxonomy":"category","embeddable":true,"href":"https:\/\/www.galerieartconcept.com\/en\/wp-json\/wp\/v2\/categories?post=17768"},{"taxonomy":"post_tag","embeddable":true,"href":"https:\/\/www.galerieartconcept.com\/en\/wp-json\/wp\/v2\/tags?post=17768"}],"curies":[{"name":"wp","href":"https:\/\/api.w.org\/{rel}","templated":true}]}}