{"id":4994,"date":"2020-09-02T09:47:37","date_gmt":"2020-09-02T09:47:37","guid":{"rendered":"http:\/\/www.galerieartconcept.com\/new\/michel-blazy\/"},"modified":"2026-03-24T14:31:09","modified_gmt":"2026-03-24T14:31:09","slug":"michel-blazy","status":"publish","type":"post","link":"http:\/\/www.galerieartconcept.com\/fr\/michel-blazy\/","title":{"rendered":"Michel Blazy"},"content":{"rendered":"\n<figure class=\"wp-block-gallery has-nested-images columns-2 wp-block-gallery-1 is-layout-flex wp-block-gallery-is-layout-flex\">\n<figure class=\"wp-block-image size-large\"><img loading=\"lazy\" decoding=\"async\" width=\"1024\" height=\"684\" data-id=\"42652\" src=\"https:\/\/www.galerieartconcept.com\/wp-content\/uploads\/VIVRE_Michel_Blazy__CYR6783-1024x684.jpg\" alt=\"\" class=\"wp-image-42652\" srcset=\"http:\/\/www.galerieartconcept.com\/wp-content\/uploads\/VIVRE_Michel_Blazy__CYR6783-1024x684.jpg 1024w, http:\/\/www.galerieartconcept.com\/wp-content\/uploads\/VIVRE_Michel_Blazy__CYR6783-300x200.jpg 300w, http:\/\/www.galerieartconcept.com\/wp-content\/uploads\/VIVRE_Michel_Blazy__CYR6783-768x513.jpg 768w, http:\/\/www.galerieartconcept.com\/wp-content\/uploads\/VIVRE_Michel_Blazy__CYR6783-1536x1025.jpg 1536w, http:\/\/www.galerieartconcept.com\/wp-content\/uploads\/VIVRE_Michel_Blazy__CYR6783-2048x1367.jpg 2048w, http:\/\/www.galerieartconcept.com\/wp-content\/uploads\/VIVRE_Michel_Blazy__CYR6783-1200x801.jpg 1200w, http:\/\/www.galerieartconcept.com\/wp-content\/uploads\/VIVRE_Michel_Blazy__CYR6783-1980x1322.jpg 1980w\" sizes=\"auto, (max-width: 1024px) 100vw, 1024px\" \/><figcaption class=\"wp-element-caption\">Vue d&rsquo;exposition \/ Installation view Vivre, 2025, Memento, Auch\/FR.<br>Production : MEMENTO-Espace d\u00e9partemental d\u2019art contemporain-<br>Cr\u00e9dit photo : Cyril Boixel<\/figcaption><\/figure>\n\n\n\n<figure class=\"wp-block-image size-large\"><img loading=\"lazy\" decoding=\"async\" width=\"1024\" height=\"684\" data-id=\"42654\" src=\"https:\/\/www.galerieartconcept.com\/wp-content\/uploads\/VIVRE_Michel_Blazy_DSC6063-1024x684.jpg\" alt=\"\" class=\"wp-image-42654\" srcset=\"http:\/\/www.galerieartconcept.com\/wp-content\/uploads\/VIVRE_Michel_Blazy_DSC6063-1024x684.jpg 1024w, http:\/\/www.galerieartconcept.com\/wp-content\/uploads\/VIVRE_Michel_Blazy_DSC6063-300x200.jpg 300w, http:\/\/www.galerieartconcept.com\/wp-content\/uploads\/VIVRE_Michel_Blazy_DSC6063-768x513.jpg 768w, http:\/\/www.galerieartconcept.com\/wp-content\/uploads\/VIVRE_Michel_Blazy_DSC6063-1536x1025.jpg 1536w, http:\/\/www.galerieartconcept.com\/wp-content\/uploads\/VIVRE_Michel_Blazy_DSC6063-2048x1367.jpg 2048w, http:\/\/www.galerieartconcept.com\/wp-content\/uploads\/VIVRE_Michel_Blazy_DSC6063-1200x801.jpg 1200w, http:\/\/www.galerieartconcept.com\/wp-content\/uploads\/VIVRE_Michel_Blazy_DSC6063-1980x1322.jpg 1980w\" sizes=\"auto, (max-width: 1024px) 100vw, 1024px\" \/><figcaption class=\"wp-element-caption\">Vue d&rsquo;exposition \/ Installation view Vivre, 2025, Memento, Auch\/FR.<br>Production : MEMENTO-Espace d\u00e9partemental d\u2019art contemporain-<br>Cr\u00e9dit photo : Cyril Boixel<\/figcaption><\/figure>\n\n\n\n<figure class=\"wp-block-image size-large\"><img loading=\"lazy\" decoding=\"async\" width=\"1024\" height=\"683\" data-id=\"42361\" src=\"https:\/\/www.galerieartconcept.com\/wp-content\/uploads\/Vue-de-lexposition-La-fete-interieure-a-la-Gare-Saint-Sauveur-dans-le-cadre-de-Fiesta-lille3000-maxime-dufour-photographies-Michel-Blazy-4-1024x683.jpg\" alt=\"\" class=\"wp-image-42361\" srcset=\"http:\/\/www.galerieartconcept.com\/wp-content\/uploads\/Vue-de-lexposition-La-fete-interieure-a-la-Gare-Saint-Sauveur-dans-le-cadre-de-Fiesta-lille3000-maxime-dufour-photographies-Michel-Blazy-4-1024x683.jpg 1024w, http:\/\/www.galerieartconcept.com\/wp-content\/uploads\/Vue-de-lexposition-La-fete-interieure-a-la-Gare-Saint-Sauveur-dans-le-cadre-de-Fiesta-lille3000-maxime-dufour-photographies-Michel-Blazy-4-300x200.jpg 300w, http:\/\/www.galerieartconcept.com\/wp-content\/uploads\/Vue-de-lexposition-La-fete-interieure-a-la-Gare-Saint-Sauveur-dans-le-cadre-de-Fiesta-lille3000-maxime-dufour-photographies-Michel-Blazy-4-768x512.jpg 768w, http:\/\/www.galerieartconcept.com\/wp-content\/uploads\/Vue-de-lexposition-La-fete-interieure-a-la-Gare-Saint-Sauveur-dans-le-cadre-de-Fiesta-lille3000-maxime-dufour-photographies-Michel-Blazy-4-1536x1025.jpg 1536w, http:\/\/www.galerieartconcept.com\/wp-content\/uploads\/Vue-de-lexposition-La-fete-interieure-a-la-Gare-Saint-Sauveur-dans-le-cadre-de-Fiesta-lille3000-maxime-dufour-photographies-Michel-Blazy-4-2048x1366.jpg 2048w, http:\/\/www.galerieartconcept.com\/wp-content\/uploads\/Vue-de-lexposition-La-fete-interieure-a-la-Gare-Saint-Sauveur-dans-le-cadre-de-Fiesta-lille3000-maxime-dufour-photographies-Michel-Blazy-4-1200x800.jpg 1200w, http:\/\/www.galerieartconcept.com\/wp-content\/uploads\/Vue-de-lexposition-La-fete-interieure-a-la-Gare-Saint-Sauveur-dans-le-cadre-de-Fiesta-lille3000-maxime-dufour-photographies-Michel-Blazy-4-1980x1321.jpg 1980w\" sizes=\"auto, (max-width: 1024px) 100vw, 1024px\" \/><figcaption class=\"wp-element-caption\">Vue d&rsquo;exposition \/ Installation view: La f\u00eate int\u00e9rieure!, Gare Saint Sauveur, Lille 3000, Lille\/FR<\/figcaption><\/figure>\n\n\n\n<figure class=\"wp-block-image size-large\"><img loading=\"lazy\" decoding=\"async\" width=\"1024\" height=\"683\" data-id=\"42359\" src=\"https:\/\/www.galerieartconcept.com\/wp-content\/uploads\/Vue-de-lexposition-La-fete-interieure-a-la-Gare-Saint-Sauveur-dans-le-cadre-de-Fiesta-lille3000-maxime-dufour-photographies-Michel-BLAZY-3-1024x683.jpg\" alt=\"\" class=\"wp-image-42359\" srcset=\"http:\/\/www.galerieartconcept.com\/wp-content\/uploads\/Vue-de-lexposition-La-fete-interieure-a-la-Gare-Saint-Sauveur-dans-le-cadre-de-Fiesta-lille3000-maxime-dufour-photographies-Michel-BLAZY-3-1024x683.jpg 1024w, http:\/\/www.galerieartconcept.com\/wp-content\/uploads\/Vue-de-lexposition-La-fete-interieure-a-la-Gare-Saint-Sauveur-dans-le-cadre-de-Fiesta-lille3000-maxime-dufour-photographies-Michel-BLAZY-3-300x200.jpg 300w, http:\/\/www.galerieartconcept.com\/wp-content\/uploads\/Vue-de-lexposition-La-fete-interieure-a-la-Gare-Saint-Sauveur-dans-le-cadre-de-Fiesta-lille3000-maxime-dufour-photographies-Michel-BLAZY-3-768x512.jpg 768w, http:\/\/www.galerieartconcept.com\/wp-content\/uploads\/Vue-de-lexposition-La-fete-interieure-a-la-Gare-Saint-Sauveur-dans-le-cadre-de-Fiesta-lille3000-maxime-dufour-photographies-Michel-BLAZY-3-1536x1025.jpg 1536w, http:\/\/www.galerieartconcept.com\/wp-content\/uploads\/Vue-de-lexposition-La-fete-interieure-a-la-Gare-Saint-Sauveur-dans-le-cadre-de-Fiesta-lille3000-maxime-dufour-photographies-Michel-BLAZY-3-2048x1366.jpg 2048w, http:\/\/www.galerieartconcept.com\/wp-content\/uploads\/Vue-de-lexposition-La-fete-interieure-a-la-Gare-Saint-Sauveur-dans-le-cadre-de-Fiesta-lille3000-maxime-dufour-photographies-Michel-BLAZY-3-1200x800.jpg 1200w, http:\/\/www.galerieartconcept.com\/wp-content\/uploads\/Vue-de-lexposition-La-fete-interieure-a-la-Gare-Saint-Sauveur-dans-le-cadre-de-Fiesta-lille3000-maxime-dufour-photographies-Michel-BLAZY-3-1980x1321.jpg 1980w\" sizes=\"auto, (max-width: 1024px) 100vw, 1024px\" \/><figcaption class=\"wp-element-caption\">Vue d&rsquo;exposition \/ Installation view: La f\u00eate int\u00e9rieure!, Gare Saint Sauveur, Lille 3000, Lille\/FR<\/figcaption><\/figure>\n\n\n\n<figure class=\"wp-block-image size-large\"><img loading=\"lazy\" decoding=\"async\" width=\"1013\" height=\"1024\" data-id=\"42356\" src=\"https:\/\/www.galerieartconcept.com\/wp-content\/uploads\/Capture-decran-2025-07-01-a-15.02.27-1-1013x1024.png\" alt=\"\" class=\"wp-image-42356\" srcset=\"http:\/\/www.galerieartconcept.com\/wp-content\/uploads\/Capture-decran-2025-07-01-a-15.02.27-1-1013x1024.png 1013w, http:\/\/www.galerieartconcept.com\/wp-content\/uploads\/Capture-decran-2025-07-01-a-15.02.27-1-297x300.png 297w, http:\/\/www.galerieartconcept.com\/wp-content\/uploads\/Capture-decran-2025-07-01-a-15.02.27-1-768x776.png 768w, http:\/\/www.galerieartconcept.com\/wp-content\/uploads\/Capture-decran-2025-07-01-a-15.02.27-1-1520x1536.png 1520w, http:\/\/www.galerieartconcept.com\/wp-content\/uploads\/Capture-decran-2025-07-01-a-15.02.27-1-1200x1213.png 1200w, http:\/\/www.galerieartconcept.com\/wp-content\/uploads\/Capture-decran-2025-07-01-a-15.02.27-1.png 1800w\" sizes=\"auto, (max-width: 1013px) 100vw, 1013px\" \/><figcaption class=\"wp-element-caption\">Michel Blazy, Le mus\u00e9e des ind\u00e9sirables, 2025, Mus\u00e9e d&rsquo;Art et d&rsquo;Histoire, Gen\u00e8ve\/CH<\/figcaption><\/figure>\n\n\n\n<figure class=\"wp-block-image size-large\"><img loading=\"lazy\" decoding=\"async\" width=\"1024\" height=\"1024\" data-id=\"42339\" src=\"https:\/\/www.galerieartconcept.com\/wp-content\/uploads\/Capture-decran-2025-06-03-a-14.14.01-1024x1024.png\" alt=\"\" class=\"wp-image-42339\" srcset=\"http:\/\/www.galerieartconcept.com\/wp-content\/uploads\/Capture-decran-2025-06-03-a-14.14.01-1024x1024.png 1024w, http:\/\/www.galerieartconcept.com\/wp-content\/uploads\/Capture-decran-2025-06-03-a-14.14.01-300x300.png 300w, http:\/\/www.galerieartconcept.com\/wp-content\/uploads\/Capture-decran-2025-06-03-a-14.14.01-150x150.png 150w, http:\/\/www.galerieartconcept.com\/wp-content\/uploads\/Capture-decran-2025-06-03-a-14.14.01-768x767.png 768w, http:\/\/www.galerieartconcept.com\/wp-content\/uploads\/Capture-decran-2025-06-03-a-14.14.01.png 1402w\" sizes=\"auto, (max-width: 1024px) 100vw, 1024px\" \/><figcaption class=\"wp-element-caption\">Michel Blazy, Le mus\u00e9e des ind\u00e9sirables, 2025, Mus\u00e9e d&rsquo;Art et d&rsquo;Histoire, Gen\u00e8ve\/CH<\/figcaption><\/figure>\n\n\n\n<figure class=\"wp-block-image size-large\"><img loading=\"lazy\" decoding=\"async\" width=\"768\" height=\"1024\" data-id=\"35671\" src=\"http:\/\/www.galerieartconcept.com\/wp-content\/uploads\/MB-Rivoli-6-768x1024.jpg\" alt=\"\" class=\"wp-image-35671\" srcset=\"http:\/\/www.galerieartconcept.com\/wp-content\/uploads\/MB-Rivoli-6-768x1024.jpg 768w, http:\/\/www.galerieartconcept.com\/wp-content\/uploads\/MB-Rivoli-6-225x300.jpg 225w, http:\/\/www.galerieartconcept.com\/wp-content\/uploads\/MB-Rivoli-6-1152x1536.jpg 1152w, http:\/\/www.galerieartconcept.com\/wp-content\/uploads\/MB-Rivoli-6-1536x2048.jpg 1536w, http:\/\/www.galerieartconcept.com\/wp-content\/uploads\/MB-Rivoli-6-1200x1600.jpg 1200w, http:\/\/www.galerieartconcept.com\/wp-content\/uploads\/MB-Rivoli-6-1980x2640.jpg 1980w, http:\/\/www.galerieartconcept.com\/wp-content\/uploads\/MB-Rivoli-6-scaled.jpg 1920w\" sizes=\"auto, (max-width: 768px) 100vw, 768px\" \/><figcaption class=\"wp-element-caption\">Vue de l&rsquo;exposition, Mutual Aid &#8211; Arte in collaborazione con la natura,<br>Castello di Rivoli, Turin\/IT. 2024<\/figcaption><\/figure>\n\n\n\n<figure class=\"wp-block-image size-large\"><img loading=\"lazy\" decoding=\"async\" width=\"768\" height=\"1024\" data-id=\"35695\" src=\"http:\/\/www.galerieartconcept.com\/wp-content\/uploads\/MB-Figuier-1-768x1024.jpg\" alt=\"\" class=\"wp-image-35695\" srcset=\"http:\/\/www.galerieartconcept.com\/wp-content\/uploads\/MB-Figuier-1-768x1024.jpg 768w, http:\/\/www.galerieartconcept.com\/wp-content\/uploads\/MB-Figuier-1-225x300.jpg 225w, http:\/\/www.galerieartconcept.com\/wp-content\/uploads\/MB-Figuier-1-1152x1536.jpg 1152w, http:\/\/www.galerieartconcept.com\/wp-content\/uploads\/MB-Figuier-1-1536x2048.jpg 1536w, http:\/\/www.galerieartconcept.com\/wp-content\/uploads\/MB-Figuier-1-1200x1600.jpg 1200w, http:\/\/www.galerieartconcept.com\/wp-content\/uploads\/MB-Figuier-1-1980x2640.jpg 1980w, http:\/\/www.galerieartconcept.com\/wp-content\/uploads\/MB-Figuier-1-scaled.jpg 1920w\" sizes=\"auto, (max-width: 768px) 100vw, 768px\" \/><figcaption class=\"wp-element-caption\">Figuier, 2024<br>Tuyau (100 x 10 cm), plateau (25 cm de diam\u00e8tre), figuier<br>150 \u00d7 25 \u00d7 25 cm (59 \u00d7 9 \u215e \u00d7 9 \u215e inches). Photo Romain Darnaud<\/figcaption><\/figure>\n\n\n\n<figure class=\"wp-block-image size-large\"><img decoding=\"async\" data-id=\"35427\" src=\"http:\/\/www.galerieartconcept.com\/wp-content\/uploads\/MB-Mantreal24-3.jpg\" alt=\"\" class=\"wp-image-35427\"\/><figcaption class=\"wp-element-caption\">Vue d&rsquo;exposition \/ Installation view D\u00e9liquescence, 2024, Fonderie Darling, Montr\u00e9al\/CA.<br>Photo Guy L&rsquo;Heureux<\/figcaption><\/figure>\n\n\n\n<figure class=\"wp-block-image size-large\"><img decoding=\"async\" data-id=\"35417\" src=\"http:\/\/www.galerieartconcept.com\/wp-content\/uploads\/MB-Tomate-10.jpg\" alt=\"\" class=\"wp-image-35417\"\/><figcaption class=\"wp-element-caption\">Mur de double concentr\u00e9 de tomate, 2009-2024<br>Double concentr\u00e9 (28 %) de pur\u00e9e de tomate sans sel<br>Dimensions variables<\/figcaption><\/figure>\n\n\n\n<figure class=\"wp-block-image size-large\"><img loading=\"lazy\" decoding=\"async\" width=\"1024\" height=\"768\" data-id=\"19158\" src=\"http:\/\/www.galerieartconcept.com\/wp-content\/uploads\/FB_GROUP_INSTALL_03_scale-copie-1-1024x768.jpg\" alt=\"\" class=\"wp-image-19158\" srcset=\"http:\/\/www.galerieartconcept.com\/wp-content\/uploads\/FB_GROUP_INSTALL_03_scale-copie-1-1024x768.jpg 1024w, http:\/\/www.galerieartconcept.com\/wp-content\/uploads\/FB_GROUP_INSTALL_03_scale-copie-1-300x225.jpg 300w, http:\/\/www.galerieartconcept.com\/wp-content\/uploads\/FB_GROUP_INSTALL_03_scale-copie-1-768x576.jpg 768w, http:\/\/www.galerieartconcept.com\/wp-content\/uploads\/FB_GROUP_INSTALL_03_scale-copie-1-1536x1152.jpg 1536w, http:\/\/www.galerieartconcept.com\/wp-content\/uploads\/FB_GROUP_INSTALL_03_scale-copie-1-2048x1536.jpg 2048w, http:\/\/www.galerieartconcept.com\/wp-content\/uploads\/FB_GROUP_INSTALL_03_scale-copie-1-1200x900.jpg 1200w, http:\/\/www.galerieartconcept.com\/wp-content\/uploads\/FB_GROUP_INSTALL_03_scale-copie-1-1980x1485.jpg 1980w\" sizes=\"auto, (max-width: 1024px) 100vw, 1024px\" \/><figcaption class=\"wp-element-caption\">Vue d&rsquo;exposition \/ Installation view, Michel Blazy, Mur de double concentr\u00e9 de tomates, 2009-2022, FRUITING BODIES, 2022, TANYA BONAKDAR GALLERY, NEW YORK\/US<\/figcaption><\/figure>\n\n\n\n<figure class=\"wp-block-image size-large\"><img loading=\"lazy\" decoding=\"async\" width=\"1024\" height=\"768\" data-id=\"31559\" src=\"http:\/\/www.galerieartconcept.com\/wp-content\/uploads\/01-5-1024x768.jpg\" alt=\"\" class=\"wp-image-31559\" srcset=\"http:\/\/www.galerieartconcept.com\/wp-content\/uploads\/01-5-1024x768.jpg 1024w, http:\/\/www.galerieartconcept.com\/wp-content\/uploads\/01-5-300x225.jpg 300w, http:\/\/www.galerieartconcept.com\/wp-content\/uploads\/01-5-768x576.jpg 768w, http:\/\/www.galerieartconcept.com\/wp-content\/uploads\/01-5-1536x1152.jpg 1536w, http:\/\/www.galerieartconcept.com\/wp-content\/uploads\/01-5-2048x1536.jpg 2048w, http:\/\/www.galerieartconcept.com\/wp-content\/uploads\/01-5-1200x900.jpg 1200w, http:\/\/www.galerieartconcept.com\/wp-content\/uploads\/01-5-1980x1485.jpg 1980w\" sizes=\"auto, (max-width: 1024px) 100vw, 1024px\" \/><figcaption class=\"wp-element-caption\">Michel Blazy, La Cantine, commande artistique r\u00e9alis\u00e9e dans le cadre de l\u2019action Nouveaux Commanditaires, 2024. Photo : Centre International d\u2019Art et du Paysage \u2013 \u00cele de Vassivi\u00e8re<\/figcaption><\/figure>\n\n\n\n<figure class=\"wp-block-image size-large\"><img loading=\"lazy\" decoding=\"async\" width=\"1024\" height=\"768\" data-id=\"35698\" src=\"http:\/\/www.galerieartconcept.com\/wp-content\/uploads\/MB-Redbricks-1024x768.jpg\" alt=\"\" class=\"wp-image-35698\" srcset=\"http:\/\/www.galerieartconcept.com\/wp-content\/uploads\/MB-Redbricks-1024x768.jpg 1024w, http:\/\/www.galerieartconcept.com\/wp-content\/uploads\/MB-Redbricks-300x225.jpg 300w, http:\/\/www.galerieartconcept.com\/wp-content\/uploads\/MB-Redbricks-768x576.jpg 768w, http:\/\/www.galerieartconcept.com\/wp-content\/uploads\/MB-Redbricks-1536x1152.jpg 1536w, http:\/\/www.galerieartconcept.com\/wp-content\/uploads\/MB-Redbricks-2048x1536.jpg 2048w, http:\/\/www.galerieartconcept.com\/wp-content\/uploads\/MB-Redbricks-1200x900.jpg 1200w, http:\/\/www.galerieartconcept.com\/wp-content\/uploads\/MB-Redbricks-1980x1485.jpg 1980w\" sizes=\"auto, (max-width: 1024px) 100vw, 1024px\" \/><figcaption class=\"wp-element-caption\">Installation view, Toi qui chemines il n\u2019y a pas de chemin, Red Brick<br>Art Museum, Beijing\/CHINA. 2019<\/figcaption><\/figure>\n\n\n\n<figure class=\"wp-block-image size-large\"><img loading=\"lazy\" decoding=\"async\" width=\"1024\" height=\"768\" data-id=\"35701\" src=\"http:\/\/www.galerieartconcept.com\/wp-content\/uploads\/MB-Biennale-di-Venezia-1024x768.jpg\" alt=\"\" class=\"wp-image-35701\" srcset=\"http:\/\/www.galerieartconcept.com\/wp-content\/uploads\/MB-Biennale-di-Venezia-1024x768.jpg 1024w, http:\/\/www.galerieartconcept.com\/wp-content\/uploads\/MB-Biennale-di-Venezia-300x225.jpg 300w, http:\/\/www.galerieartconcept.com\/wp-content\/uploads\/MB-Biennale-di-Venezia-768x576.jpg 768w, http:\/\/www.galerieartconcept.com\/wp-content\/uploads\/MB-Biennale-di-Venezia-1536x1152.jpg 1536w, http:\/\/www.galerieartconcept.com\/wp-content\/uploads\/MB-Biennale-di-Venezia-2048x1536.jpg 2048w, http:\/\/www.galerieartconcept.com\/wp-content\/uploads\/MB-Biennale-di-Venezia-1200x900.jpg 1200w, http:\/\/www.galerieartconcept.com\/wp-content\/uploads\/MB-Biennale-di-Venezia-1980x1485.jpg 1980w\" sizes=\"auto, (max-width: 1024px) 100vw, 1024px\" \/><figcaption class=\"wp-element-caption\">Vue de l&rsquo;exposition, Acqua Alta, Viva Arte Viva, 57th International Art Exhibition &#8211; La biennale di Venezia, Venice, 2017. Photo: Andrea Avezz\u00f9<\/figcaption><\/figure>\n\n\n\n<figure class=\"wp-block-image size-large\"><img loading=\"lazy\" decoding=\"async\" width=\"1024\" height=\"768\" data-id=\"35704\" src=\"http:\/\/www.galerieartconcept.com\/wp-content\/uploads\/MB-Social-club-1024x768.jpg\" alt=\"\" class=\"wp-image-35704\" srcset=\"http:\/\/www.galerieartconcept.com\/wp-content\/uploads\/MB-Social-club-1024x768.jpg 1024w, http:\/\/www.galerieartconcept.com\/wp-content\/uploads\/MB-Social-club-300x225.jpg 300w, http:\/\/www.galerieartconcept.com\/wp-content\/uploads\/MB-Social-club-768x576.jpg 768w, http:\/\/www.galerieartconcept.com\/wp-content\/uploads\/MB-Social-club-1536x1152.jpg 1536w, http:\/\/www.galerieartconcept.com\/wp-content\/uploads\/MB-Social-club-2048x1536.jpg 2048w, http:\/\/www.galerieartconcept.com\/wp-content\/uploads\/MB-Social-club-1200x900.jpg 1200w, http:\/\/www.galerieartconcept.com\/wp-content\/uploads\/MB-Social-club-1980x1485.jpg 1980w\" sizes=\"auto, (max-width: 1024px) 100vw, 1024px\" \/><figcaption class=\"wp-element-caption\">Vue d&rsquo;exposition \/ Installation view Le temps qu&rsquo;il nous faut, MAIF Social Club, Paris, 2023 &#8211; 2024. Photo Maif Social Club<\/figcaption><\/figure>\n\n\n\n<figure class=\"wp-block-image size-full\"><img loading=\"lazy\" decoding=\"async\" width=\"2560\" height=\"1920\" data-id=\"35707\" src=\"http:\/\/www.galerieartconcept.com\/wp-content\/uploads\/MB-HG-scaled.jpg\" alt=\"\" class=\"wp-image-35707\" srcset=\"http:\/\/www.galerieartconcept.com\/wp-content\/uploads\/MB-HG-scaled.jpg 2560w, http:\/\/www.galerieartconcept.com\/wp-content\/uploads\/MB-HG-300x225.jpg 300w, http:\/\/www.galerieartconcept.com\/wp-content\/uploads\/MB-HG-1024x768.jpg 1024w, http:\/\/www.galerieartconcept.com\/wp-content\/uploads\/MB-HG-768x576.jpg 768w, http:\/\/www.galerieartconcept.com\/wp-content\/uploads\/MB-HG-1536x1152.jpg 1536w, http:\/\/www.galerieartconcept.com\/wp-content\/uploads\/MB-HG-2048x1536.jpg 2048w, http:\/\/www.galerieartconcept.com\/wp-content\/uploads\/MB-HG-1200x900.jpg 1200w, http:\/\/www.galerieartconcept.com\/wp-content\/uploads\/MB-HG-1980x1485.jpg 1980w\" sizes=\"auto, (max-width: 2560px) 100vw, 2560px\" \/><figcaption class=\"wp-element-caption\">When Forms Come Alive, Hayward Gallery February 2024\nMichel Blazy<\/figcaption><\/figure>\n\n\n\n<figure class=\"wp-block-image size-large\"><img loading=\"lazy\" decoding=\"async\" width=\"1024\" height=\"768\" data-id=\"35709\" src=\"http:\/\/www.galerieartconcept.com\/wp-content\/uploads\/MB-Dornbirn-1024x768.jpg\" alt=\"\" class=\"wp-image-35709\" srcset=\"http:\/\/www.galerieartconcept.com\/wp-content\/uploads\/MB-Dornbirn-1024x768.jpg 1024w, http:\/\/www.galerieartconcept.com\/wp-content\/uploads\/MB-Dornbirn-300x225.jpg 300w, http:\/\/www.galerieartconcept.com\/wp-content\/uploads\/MB-Dornbirn-768x576.jpg 768w, http:\/\/www.galerieartconcept.com\/wp-content\/uploads\/MB-Dornbirn-1536x1152.jpg 1536w, http:\/\/www.galerieartconcept.com\/wp-content\/uploads\/MB-Dornbirn-2048x1536.jpg 2048w, http:\/\/www.galerieartconcept.com\/wp-content\/uploads\/MB-Dornbirn-1200x900.jpg 1200w, http:\/\/www.galerieartconcept.com\/wp-content\/uploads\/MB-Dornbirn-1980x1485.jpg 1980w\" sizes=\"auto, (max-width: 1024px) 100vw, 1024px\" \/><figcaption class=\"wp-element-caption\">Vue d&rsquo;exposition \/ Installation view, Falling Garden, Kunstraum Dornbirn\/AT (curator :<br>B\u00e4rbel Vischer). 2007<\/figcaption><\/figure>\n\n\n\n<figure class=\"wp-block-image size-large\"><img loading=\"lazy\" decoding=\"async\" width=\"1024\" height=\"768\" data-id=\"35711\" src=\"http:\/\/www.galerieartconcept.com\/wp-content\/uploads\/MB-Nuit-blanche-1024x768.jpg\" alt=\"\" class=\"wp-image-35711\" srcset=\"http:\/\/www.galerieartconcept.com\/wp-content\/uploads\/MB-Nuit-blanche-1024x768.jpg 1024w, http:\/\/www.galerieartconcept.com\/wp-content\/uploads\/MB-Nuit-blanche-300x225.jpg 300w, http:\/\/www.galerieartconcept.com\/wp-content\/uploads\/MB-Nuit-blanche-768x576.jpg 768w, http:\/\/www.galerieartconcept.com\/wp-content\/uploads\/MB-Nuit-blanche-1536x1152.jpg 1536w, http:\/\/www.galerieartconcept.com\/wp-content\/uploads\/MB-Nuit-blanche-2048x1536.jpg 2048w, http:\/\/www.galerieartconcept.com\/wp-content\/uploads\/MB-Nuit-blanche-1200x900.jpg 1200w, http:\/\/www.galerieartconcept.com\/wp-content\/uploads\/MB-Nuit-blanche-1980x1485.jpg 1980w\" sizes=\"auto, (max-width: 1024px) 100vw, 1024px\" \/><figcaption class=\"wp-element-caption\">Vue d&rsquo;exposition Bouquet Final 2, Mairie du 4\u00e8me, dans le cadre de<br>la Nuit Blanche, Paris\/FR. 2012<\/figcaption><\/figure>\n\n\n\n<figure class=\"wp-block-image size-large\"><img loading=\"lazy\" decoding=\"async\" width=\"1024\" height=\"768\" data-id=\"35714\" src=\"http:\/\/www.galerieartconcept.com\/wp-content\/uploads\/MB-Le-portique-1024x768.jpg\" alt=\"\" class=\"wp-image-35714\" srcset=\"http:\/\/www.galerieartconcept.com\/wp-content\/uploads\/MB-Le-portique-1024x768.jpg 1024w, http:\/\/www.galerieartconcept.com\/wp-content\/uploads\/MB-Le-portique-300x225.jpg 300w, http:\/\/www.galerieartconcept.com\/wp-content\/uploads\/MB-Le-portique-768x576.jpg 768w, http:\/\/www.galerieartconcept.com\/wp-content\/uploads\/MB-Le-portique-1536x1152.jpg 1536w, http:\/\/www.galerieartconcept.com\/wp-content\/uploads\/MB-Le-portique-2048x1536.jpg 2048w, http:\/\/www.galerieartconcept.com\/wp-content\/uploads\/MB-Le-portique-1200x900.jpg 1200w, http:\/\/www.galerieartconcept.com\/wp-content\/uploads\/MB-Le-portique-1980x1485.jpg 1980w\" sizes=\"auto, (max-width: 1024px) 100vw, 1024px\" \/><figcaption class=\"wp-element-caption\">Vue d&rsquo;exposition \/ Installation view Lignes de fuite, CIAP Vassivi\u00e8re, 2022. Photo : \u00a9 Aur\u00e9lien Mole<\/figcaption><\/figure>\n\n\n\n<figure class=\"wp-block-image size-large\"><img loading=\"lazy\" decoding=\"async\" width=\"1024\" height=\"768\" data-id=\"35716\" src=\"http:\/\/www.galerieartconcept.com\/wp-content\/uploads\/MB-Le-portique-detail-1024x768.jpg\" alt=\"\" class=\"wp-image-35716\" srcset=\"http:\/\/www.galerieartconcept.com\/wp-content\/uploads\/MB-Le-portique-detail-1024x768.jpg 1024w, http:\/\/www.galerieartconcept.com\/wp-content\/uploads\/MB-Le-portique-detail-300x225.jpg 300w, http:\/\/www.galerieartconcept.com\/wp-content\/uploads\/MB-Le-portique-detail-768x576.jpg 768w, http:\/\/www.galerieartconcept.com\/wp-content\/uploads\/MB-Le-portique-detail-1536x1152.jpg 1536w, http:\/\/www.galerieartconcept.com\/wp-content\/uploads\/MB-Le-portique-detail-2048x1536.jpg 2048w, http:\/\/www.galerieartconcept.com\/wp-content\/uploads\/MB-Le-portique-detail-1200x900.jpg 1200w, http:\/\/www.galerieartconcept.com\/wp-content\/uploads\/MB-Le-portique-detail-1980x1485.jpg 1980w\" sizes=\"auto, (max-width: 1024px) 100vw, 1024px\" \/><figcaption class=\"wp-element-caption\">Michel Blazy, Tapis d&rsquo;accueil, 2021, corde de coco, verre, eau, plantes, dimensions variables, Courtesy de l&rsquo;artiste et de Art : Concept, Paris<\/figcaption><\/figure>\n\n\n\n<figure class=\"wp-block-image size-large\"><img loading=\"lazy\" decoding=\"async\" width=\"1024\" height=\"768\" data-id=\"35719\" src=\"http:\/\/www.galerieartconcept.com\/wp-content\/uploads\/MB-Vassiviere-1-1024x768.jpg\" alt=\"\" class=\"wp-image-35719\" srcset=\"http:\/\/www.galerieartconcept.com\/wp-content\/uploads\/MB-Vassiviere-1-1024x768.jpg 1024w, http:\/\/www.galerieartconcept.com\/wp-content\/uploads\/MB-Vassiviere-1-300x225.jpg 300w, http:\/\/www.galerieartconcept.com\/wp-content\/uploads\/MB-Vassiviere-1-768x576.jpg 768w, http:\/\/www.galerieartconcept.com\/wp-content\/uploads\/MB-Vassiviere-1-1536x1152.jpg 1536w, http:\/\/www.galerieartconcept.com\/wp-content\/uploads\/MB-Vassiviere-1-2048x1536.jpg 2048w, http:\/\/www.galerieartconcept.com\/wp-content\/uploads\/MB-Vassiviere-1-1200x900.jpg 1200w, http:\/\/www.galerieartconcept.com\/wp-content\/uploads\/MB-Vassiviere-1-1980x1485.jpg 1980w\" sizes=\"auto, (max-width: 1024px) 100vw, 1024px\" \/><figcaption class=\"wp-element-caption\">Vue d&rsquo;exposition \/ Installation view Lignes de fuite, CIAP Vassivi\u00e8re, 2022. Photo : \u00a9 Aur\u00e9lien Mole<\/figcaption><\/figure>\n\n\n\n<figure class=\"wp-block-image size-large\"><img loading=\"lazy\" decoding=\"async\" width=\"1024\" height=\"768\" data-id=\"35722\" src=\"http:\/\/www.galerieartconcept.com\/wp-content\/uploads\/MB-Tuyau-1024x768.jpg\" alt=\"\" class=\"wp-image-35722\" srcset=\"http:\/\/www.galerieartconcept.com\/wp-content\/uploads\/MB-Tuyau-1024x768.jpg 1024w, http:\/\/www.galerieartconcept.com\/wp-content\/uploads\/MB-Tuyau-300x225.jpg 300w, http:\/\/www.galerieartconcept.com\/wp-content\/uploads\/MB-Tuyau-768x576.jpg 768w, http:\/\/www.galerieartconcept.com\/wp-content\/uploads\/MB-Tuyau-1536x1152.jpg 1536w, http:\/\/www.galerieartconcept.com\/wp-content\/uploads\/MB-Tuyau-2048x1536.jpg 2048w, http:\/\/www.galerieartconcept.com\/wp-content\/uploads\/MB-Tuyau-1200x900.jpg 1200w, http:\/\/www.galerieartconcept.com\/wp-content\/uploads\/MB-Tuyau-1980x1485.jpg 1980w\" sizes=\"auto, (max-width: 1024px) 100vw, 1024px\" \/><figcaption class=\"wp-element-caption\">D\u00e9canalisation, 2019, metal, plants, soil, water, 60 x 70 x 24 cm<\/figcaption><\/figure>\n\n\n\n<figure class=\"wp-block-image size-large\"><img loading=\"lazy\" decoding=\"async\" width=\"768\" height=\"1024\" data-id=\"35563\" src=\"http:\/\/www.galerieartconcept.com\/wp-content\/uploads\/BLA009-e-monnaie-paris-1-768x1024.jpg\" alt=\"\" class=\"wp-image-35563\" srcset=\"http:\/\/www.galerieartconcept.com\/wp-content\/uploads\/BLA009-e-monnaie-paris-1-768x1024.jpg 768w, http:\/\/www.galerieartconcept.com\/wp-content\/uploads\/BLA009-e-monnaie-paris-1-225x300.jpg 225w, http:\/\/www.galerieartconcept.com\/wp-content\/uploads\/BLA009-e-monnaie-paris-1.jpg 960w\" sizes=\"auto, (max-width: 768px) 100vw, 768px\" \/><figcaption class=\"wp-element-caption\">Vue d&rsquo;exposition, \u00c0 pied d\u2019oeuvre(s), Monnaie de Paris, Paris\/FR. 2017<\/figcaption><\/figure>\n\n\n\n<figure class=\"wp-block-image size-large\"><img loading=\"lazy\" decoding=\"async\" width=\"768\" height=\"1024\" data-id=\"35725\" src=\"http:\/\/www.galerieartconcept.com\/wp-content\/uploads\/MB-in-extenso-768x1024.jpg\" alt=\"\" class=\"wp-image-35725\" srcset=\"http:\/\/www.galerieartconcept.com\/wp-content\/uploads\/MB-in-extenso-768x1024.jpg 768w, http:\/\/www.galerieartconcept.com\/wp-content\/uploads\/MB-in-extenso-225x300.jpg 225w, http:\/\/www.galerieartconcept.com\/wp-content\/uploads\/MB-in-extenso-1152x1536.jpg 1152w, http:\/\/www.galerieartconcept.com\/wp-content\/uploads\/MB-in-extenso-1536x2048.jpg 1536w, http:\/\/www.galerieartconcept.com\/wp-content\/uploads\/MB-in-extenso-1200x1600.jpg 1200w, http:\/\/www.galerieartconcept.com\/wp-content\/uploads\/MB-in-extenso-1980x2640.jpg 1980w, http:\/\/www.galerieartconcept.com\/wp-content\/uploads\/MB-in-extenso-scaled.jpg 1920w\" sizes=\"auto, (max-width: 768px) 100vw, 768px\" \/><figcaption class=\"wp-element-caption\">Vue d&rsquo;exposition, Michel Blazy &amp; Enzo Mianes, On loop, Curator: Pietro Della Giustina, In extenso, Clermont-Ferrand\/FR, 2021. Courtesy In extenso \u00a9 Ludovic Combe<\/figcaption><\/figure>\n\n\n\n<figure class=\"wp-block-image size-large\"><img loading=\"lazy\" decoding=\"async\" width=\"1024\" height=\"768\" data-id=\"35727\" src=\"http:\/\/www.galerieartconcept.com\/wp-content\/uploads\/MB-Le-Mur-qui-bois-du-vin-1024x768.jpg\" alt=\"\" class=\"wp-image-35727\" srcset=\"http:\/\/www.galerieartconcept.com\/wp-content\/uploads\/MB-Le-Mur-qui-bois-du-vin-1024x768.jpg 1024w, http:\/\/www.galerieartconcept.com\/wp-content\/uploads\/MB-Le-Mur-qui-bois-du-vin-300x225.jpg 300w, http:\/\/www.galerieartconcept.com\/wp-content\/uploads\/MB-Le-Mur-qui-bois-du-vin-768x576.jpg 768w, http:\/\/www.galerieartconcept.com\/wp-content\/uploads\/MB-Le-Mur-qui-bois-du-vin-1536x1152.jpg 1536w, http:\/\/www.galerieartconcept.com\/wp-content\/uploads\/MB-Le-Mur-qui-bois-du-vin-2048x1536.jpg 2048w, http:\/\/www.galerieartconcept.com\/wp-content\/uploads\/MB-Le-Mur-qui-bois-du-vin-1200x900.jpg 1200w, http:\/\/www.galerieartconcept.com\/wp-content\/uploads\/MB-Le-Mur-qui-bois-du-vin-1980x1485.jpg 1980w\" sizes=\"auto, (max-width: 1024px) 100vw, 1024px\" \/><figcaption class=\"wp-element-caption\">Le mur qui boit du vin, 2014<br>Verre incrust\u00e9 dans le mur, vin rouge, bouteilles. <br> Vue de l&rsquo;exposition, Living Room II, Maison Herm\u00e9s Tokyo, Tokyo\/JP. 2016<\/figcaption><\/figure>\n\n\n\n<figure class=\"wp-block-image size-large\"><img loading=\"lazy\" decoding=\"async\" width=\"1024\" height=\"768\" data-id=\"35730\" src=\"http:\/\/www.galerieartconcept.com\/wp-content\/uploads\/MB-Hermes-Tokyo-1024x768.jpg\" alt=\"\" class=\"wp-image-35730\" srcset=\"http:\/\/www.galerieartconcept.com\/wp-content\/uploads\/MB-Hermes-Tokyo-1024x768.jpg 1024w, http:\/\/www.galerieartconcept.com\/wp-content\/uploads\/MB-Hermes-Tokyo-300x225.jpg 300w, http:\/\/www.galerieartconcept.com\/wp-content\/uploads\/MB-Hermes-Tokyo-768x576.jpg 768w, http:\/\/www.galerieartconcept.com\/wp-content\/uploads\/MB-Hermes-Tokyo-1536x1152.jpg 1536w, http:\/\/www.galerieartconcept.com\/wp-content\/uploads\/MB-Hermes-Tokyo-2048x1536.jpg 2048w, http:\/\/www.galerieartconcept.com\/wp-content\/uploads\/MB-Hermes-Tokyo-1200x900.jpg 1200w, http:\/\/www.galerieartconcept.com\/wp-content\/uploads\/MB-Hermes-Tokyo-1980x1485.jpg 1980w\" sizes=\"auto, (max-width: 1024px) 100vw, 1024px\" \/><figcaption class=\"wp-element-caption\">Vue de l&rsquo;exposition, Living Room II, Maison Herm\u00e9s Tokyo, Tokyo\/JP. 2016<\/figcaption><\/figure>\n\n\n\n<figure class=\"wp-block-image size-full\"><img loading=\"lazy\" decoding=\"async\" width=\"2560\" height=\"1920\" data-id=\"35737\" src=\"http:\/\/www.galerieartconcept.com\/wp-content\/uploads\/MB-Texas-1-scaled.jpg\" alt=\"\" class=\"wp-image-35737\" srcset=\"http:\/\/www.galerieartconcept.com\/wp-content\/uploads\/MB-Texas-1-scaled.jpg 2560w, http:\/\/www.galerieartconcept.com\/wp-content\/uploads\/MB-Texas-1-300x225.jpg 300w, http:\/\/www.galerieartconcept.com\/wp-content\/uploads\/MB-Texas-1-1024x768.jpg 1024w, http:\/\/www.galerieartconcept.com\/wp-content\/uploads\/MB-Texas-1-768x576.jpg 768w, http:\/\/www.galerieartconcept.com\/wp-content\/uploads\/MB-Texas-1-1536x1152.jpg 1536w, http:\/\/www.galerieartconcept.com\/wp-content\/uploads\/MB-Texas-1-2048x1536.jpg 2048w, http:\/\/www.galerieartconcept.com\/wp-content\/uploads\/MB-Texas-1-1200x900.jpg 1200w, http:\/\/www.galerieartconcept.com\/wp-content\/uploads\/MB-Texas-1-1980x1485.jpg 1980w\" sizes=\"auto, (max-width: 2560px) 100vw, 2560px\" \/><figcaption class=\"wp-element-caption\">Vue de l&rsquo;exposition, We Were the Robots, Moody Center for Contemporary Arts, Houston, TX, 25 janvier \u2013 18 mai, 2019 \u00a9 Nash Baker<\/figcaption><\/figure>\n\n\n\n<figure class=\"wp-block-image size-full\"><img loading=\"lazy\" decoding=\"async\" width=\"2560\" height=\"1920\" data-id=\"35739\" src=\"http:\/\/www.galerieartconcept.com\/wp-content\/uploads\/MB-133-scaled.jpg\" alt=\"\" class=\"wp-image-35739\" srcset=\"http:\/\/www.galerieartconcept.com\/wp-content\/uploads\/MB-133-scaled.jpg 2560w, http:\/\/www.galerieartconcept.com\/wp-content\/uploads\/MB-133-300x225.jpg 300w, http:\/\/www.galerieartconcept.com\/wp-content\/uploads\/MB-133-1024x768.jpg 1024w, http:\/\/www.galerieartconcept.com\/wp-content\/uploads\/MB-133-768x576.jpg 768w, http:\/\/www.galerieartconcept.com\/wp-content\/uploads\/MB-133-1536x1152.jpg 1536w, http:\/\/www.galerieartconcept.com\/wp-content\/uploads\/MB-133-2048x1536.jpg 2048w, http:\/\/www.galerieartconcept.com\/wp-content\/uploads\/MB-133-1200x900.jpg 1200w, http:\/\/www.galerieartconcept.com\/wp-content\/uploads\/MB-133-1980x1485.jpg 1980w\" sizes=\"auto, (max-width: 2560px) 100vw, 2560px\" \/><figcaption class=\"wp-element-caption\">E133, 2023. Colorant alimentaire E133, eau, sur carton plume \/ Food coloring E133, water, on cardboard. 100 \u00d7 140 cm (39 \u215c \u00d7 55 \u215b inches). Photo Romain Darnaud. Courtesy the Artist and Art : Concept, Paris.<\/figcaption><\/figure>\n\n\n\n<figure class=\"wp-block-image size-large\"><img loading=\"lazy\" decoding=\"async\" width=\"1024\" height=\"768\" data-id=\"35741\" src=\"http:\/\/www.galerieartconcept.com\/wp-content\/uploads\/MB-MAMAC-1024x768.jpg\" alt=\"\" class=\"wp-image-35741\" srcset=\"http:\/\/www.galerieartconcept.com\/wp-content\/uploads\/MB-MAMAC-1024x768.jpg 1024w, http:\/\/www.galerieartconcept.com\/wp-content\/uploads\/MB-MAMAC-300x225.jpg 300w, http:\/\/www.galerieartconcept.com\/wp-content\/uploads\/MB-MAMAC-768x576.jpg 768w, http:\/\/www.galerieartconcept.com\/wp-content\/uploads\/MB-MAMAC-1536x1152.jpg 1536w, http:\/\/www.galerieartconcept.com\/wp-content\/uploads\/MB-MAMAC-2048x1536.jpg 2048w, http:\/\/www.galerieartconcept.com\/wp-content\/uploads\/MB-MAMAC-1200x900.jpg 1200w, http:\/\/www.galerieartconcept.com\/wp-content\/uploads\/MB-MAMAC-1980x1485.jpg 1980w\" sizes=\"auto, (max-width: 1024px) 100vw, 1024px\" \/><figcaption class=\"wp-element-caption\">Vue de l&rsquo;exposition, Timeline, galerie des ponchettes, MAMAC, Nice, 2018, \u00a9 MAMAC, ADAGP.<\/figcaption><\/figure>\n\n\n\n<figure class=\"wp-block-image size-large\"><img loading=\"lazy\" decoding=\"async\" width=\"1024\" height=\"768\" data-id=\"35743\" src=\"http:\/\/www.galerieartconcept.com\/wp-content\/uploads\/MB-MAMAC2-1024x768.jpg\" alt=\"\" class=\"wp-image-35743\" srcset=\"http:\/\/www.galerieartconcept.com\/wp-content\/uploads\/MB-MAMAC2-1024x768.jpg 1024w, http:\/\/www.galerieartconcept.com\/wp-content\/uploads\/MB-MAMAC2-300x225.jpg 300w, http:\/\/www.galerieartconcept.com\/wp-content\/uploads\/MB-MAMAC2-768x576.jpg 768w, http:\/\/www.galerieartconcept.com\/wp-content\/uploads\/MB-MAMAC2-1536x1152.jpg 1536w, http:\/\/www.galerieartconcept.com\/wp-content\/uploads\/MB-MAMAC2-2048x1536.jpg 2048w, http:\/\/www.galerieartconcept.com\/wp-content\/uploads\/MB-MAMAC2-1200x900.jpg 1200w, http:\/\/www.galerieartconcept.com\/wp-content\/uploads\/MB-MAMAC2-1980x1485.jpg 1980w\" sizes=\"auto, (max-width: 1024px) 100vw, 1024px\" \/><figcaption class=\"wp-element-caption\">Vue de l&rsquo;exposition, Timeline, galerie des ponchettes, MAMAC, Nice, 2018, \u00a9 MAMAC, ADAGP.<\/figcaption><\/figure>\n\n\n\n<figure class=\"wp-block-image size-large\"><img loading=\"lazy\" decoding=\"async\" width=\"1024\" height=\"768\" data-id=\"35745\" src=\"http:\/\/www.galerieartconcept.com\/wp-content\/uploads\/Mb-Lambert-1024x768.jpg\" alt=\"\" class=\"wp-image-35745\" srcset=\"http:\/\/www.galerieartconcept.com\/wp-content\/uploads\/Mb-Lambert-1024x768.jpg 1024w, http:\/\/www.galerieartconcept.com\/wp-content\/uploads\/Mb-Lambert-300x225.jpg 300w, http:\/\/www.galerieartconcept.com\/wp-content\/uploads\/Mb-Lambert-768x576.jpg 768w, http:\/\/www.galerieartconcept.com\/wp-content\/uploads\/Mb-Lambert-1536x1152.jpg 1536w, http:\/\/www.galerieartconcept.com\/wp-content\/uploads\/Mb-Lambert-2048x1536.jpg 2048w, http:\/\/www.galerieartconcept.com\/wp-content\/uploads\/Mb-Lambert-1200x900.jpg 1200w, http:\/\/www.galerieartconcept.com\/wp-content\/uploads\/Mb-Lambert-1980x1485.jpg 1980w\" sizes=\"auto, (max-width: 1024px) 100vw, 1024px\" \/><figcaption class=\"wp-element-caption\">La vie des formes: sandwich chasseur, 2019<br>Vue de l&rsquo;exposition, <br>Collectionner au XXI\u00e8me si\u00e8cle : De leur temps, Collection Lambert, Avignon \/FR. 2020<\/figcaption><\/figure>\n\n\n\n<figure class=\"wp-block-image size-large\"><img loading=\"lazy\" decoding=\"async\" width=\"1024\" height=\"768\" data-id=\"35751\" src=\"http:\/\/www.galerieartconcept.com\/wp-content\/uploads\/MB-Nantes-1024x768.jpg\" alt=\"\" class=\"wp-image-35751\" srcset=\"http:\/\/www.galerieartconcept.com\/wp-content\/uploads\/MB-Nantes-1024x768.jpg 1024w, http:\/\/www.galerieartconcept.com\/wp-content\/uploads\/MB-Nantes-300x225.jpg 300w, http:\/\/www.galerieartconcept.com\/wp-content\/uploads\/MB-Nantes-768x576.jpg 768w, http:\/\/www.galerieartconcept.com\/wp-content\/uploads\/MB-Nantes-1536x1152.jpg 1536w, http:\/\/www.galerieartconcept.com\/wp-content\/uploads\/MB-Nantes-2048x1536.jpg 2048w, http:\/\/www.galerieartconcept.com\/wp-content\/uploads\/MB-Nantes-1200x900.jpg 1200w, http:\/\/www.galerieartconcept.com\/wp-content\/uploads\/MB-Nantes-1980x1485.jpg 1980w\" sizes=\"auto, (max-width: 1024px) 100vw, 1024px\" \/><figcaption class=\"wp-element-caption\">Vue de l&rsquo;exposition, Last Garden, Temple du Go\u00fbt, Nantes, 2018 (part of Le Voyage \u00e0 Nantes). Photo: Martin Argyroglo<\/figcaption><\/figure>\n\n\n\n<figure class=\"wp-block-image size-large\"><img loading=\"lazy\" decoding=\"async\" width=\"1024\" height=\"768\" data-id=\"35754\" src=\"http:\/\/www.galerieartconcept.com\/wp-content\/uploads\/MB-Venise-1024x768.jpg\" alt=\"\" class=\"wp-image-35754\" srcset=\"http:\/\/www.galerieartconcept.com\/wp-content\/uploads\/MB-Venise-1024x768.jpg 1024w, http:\/\/www.galerieartconcept.com\/wp-content\/uploads\/MB-Venise-300x225.jpg 300w, http:\/\/www.galerieartconcept.com\/wp-content\/uploads\/MB-Venise-768x576.jpg 768w, http:\/\/www.galerieartconcept.com\/wp-content\/uploads\/MB-Venise-1536x1152.jpg 1536w, http:\/\/www.galerieartconcept.com\/wp-content\/uploads\/MB-Venise-2048x1536.jpg 2048w, http:\/\/www.galerieartconcept.com\/wp-content\/uploads\/MB-Venise-1200x900.jpg 1200w, http:\/\/www.galerieartconcept.com\/wp-content\/uploads\/MB-Venise-1980x1485.jpg 1980w\" sizes=\"auto, (max-width: 1024px) 100vw, 1024px\" \/><figcaption class=\"wp-element-caption\">Vue de l&rsquo;exposition, Acqua Alta, Viva Arte Viva, 57th International Art Exhibition &#8211; La biennale di Venezia, Venice, 2017. Photo: Andrea Avezz\u00f9<\/figcaption><\/figure>\n\n\n\n<figure class=\"wp-block-image size-large\"><img loading=\"lazy\" decoding=\"async\" width=\"1024\" height=\"768\" data-id=\"35756\" src=\"http:\/\/www.galerieartconcept.com\/wp-content\/uploads\/MB-Venise2-1024x768.jpg\" alt=\"\" class=\"wp-image-35756\" srcset=\"http:\/\/www.galerieartconcept.com\/wp-content\/uploads\/MB-Venise2-1024x768.jpg 1024w, http:\/\/www.galerieartconcept.com\/wp-content\/uploads\/MB-Venise2-300x225.jpg 300w, http:\/\/www.galerieartconcept.com\/wp-content\/uploads\/MB-Venise2-768x576.jpg 768w, http:\/\/www.galerieartconcept.com\/wp-content\/uploads\/MB-Venise2-1536x1152.jpg 1536w, http:\/\/www.galerieartconcept.com\/wp-content\/uploads\/MB-Venise2-2048x1536.jpg 2048w, http:\/\/www.galerieartconcept.com\/wp-content\/uploads\/MB-Venise2-1200x900.jpg 1200w, http:\/\/www.galerieartconcept.com\/wp-content\/uploads\/MB-Venise2-1980x1485.jpg 1980w\" sizes=\"auto, (max-width: 1024px) 100vw, 1024px\" \/><figcaption class=\"wp-element-caption\">Vue de l&rsquo;exposition, Acqua Alta (details),  Viva Arte Viva, 57th International Art Exhibition &#8211; La biennale di Venezia, Venice, 2017. Photo: Andrea Avezz\u00f9<\/figcaption><\/figure>\n\n\n\n<figure class=\"wp-block-image size-large\"><img loading=\"lazy\" decoding=\"async\" width=\"768\" height=\"1024\" data-id=\"35762\" src=\"http:\/\/www.galerieartconcept.com\/wp-content\/uploads\/MB-Living-Sculpture-Monaco-768x1024.jpg\" alt=\"\" class=\"wp-image-35762\" srcset=\"http:\/\/www.galerieartconcept.com\/wp-content\/uploads\/MB-Living-Sculpture-Monaco-768x1024.jpg 768w, http:\/\/www.galerieartconcept.com\/wp-content\/uploads\/MB-Living-Sculpture-Monaco-225x300.jpg 225w, http:\/\/www.galerieartconcept.com\/wp-content\/uploads\/MB-Living-Sculpture-Monaco-1152x1536.jpg 1152w, http:\/\/www.galerieartconcept.com\/wp-content\/uploads\/MB-Living-Sculpture-Monaco-1536x2048.jpg 1536w, http:\/\/www.galerieartconcept.com\/wp-content\/uploads\/MB-Living-Sculpture-Monaco-1200x1600.jpg 1200w, http:\/\/www.galerieartconcept.com\/wp-content\/uploads\/MB-Living-Sculpture-Monaco-1980x2640.jpg 1980w, http:\/\/www.galerieartconcept.com\/wp-content\/uploads\/MB-Living-Sculpture-Monaco-scaled.jpg 1920w\" sizes=\"auto, (max-width: 768px) 100vw, 768px\" \/><figcaption class=\"wp-element-caption\">Living Sculpture, 2014, arbre, feuille d\u2019or, dimensions variable. <br>Collection NMNM, Nouveau<br>mus\u00e9e National de Monaco\/MC<\/figcaption><\/figure>\n\n\n\n<figure class=\"wp-block-image size-large\"><img loading=\"lazy\" decoding=\"async\" width=\"768\" height=\"1024\" data-id=\"35764\" src=\"http:\/\/www.galerieartconcept.com\/wp-content\/uploads\/MB-Living-Sculpture-768x1024.jpg\" alt=\"\" class=\"wp-image-35764\" srcset=\"http:\/\/www.galerieartconcept.com\/wp-content\/uploads\/MB-Living-Sculpture-768x1024.jpg 768w, http:\/\/www.galerieartconcept.com\/wp-content\/uploads\/MB-Living-Sculpture-225x300.jpg 225w, http:\/\/www.galerieartconcept.com\/wp-content\/uploads\/MB-Living-Sculpture-1152x1536.jpg 1152w, http:\/\/www.galerieartconcept.com\/wp-content\/uploads\/MB-Living-Sculpture-1536x2048.jpg 1536w, http:\/\/www.galerieartconcept.com\/wp-content\/uploads\/MB-Living-Sculpture-1200x1600.jpg 1200w, http:\/\/www.galerieartconcept.com\/wp-content\/uploads\/MB-Living-Sculpture-1980x2640.jpg 1980w, http:\/\/www.galerieartconcept.com\/wp-content\/uploads\/MB-Living-Sculpture-scaled.jpg 1920w\" sizes=\"auto, (max-width: 768px) 100vw, 768px\" \/><figcaption class=\"wp-element-caption\">Living Sculpture, 2014, arbre, feuille d\u2019or, dimensions variable. Photo: Rebecca Fanuele<\/figcaption><\/figure>\n\n\n\n<figure class=\"wp-block-image size-large\"><img loading=\"lazy\" decoding=\"async\" width=\"1024\" height=\"768\" data-id=\"35766\" src=\"http:\/\/www.galerieartconcept.com\/wp-content\/uploads\/MB-IDF-1024x768.jpg\" alt=\"\" class=\"wp-image-35766\" srcset=\"http:\/\/www.galerieartconcept.com\/wp-content\/uploads\/MB-IDF-1024x768.jpg 1024w, http:\/\/www.galerieartconcept.com\/wp-content\/uploads\/MB-IDF-300x225.jpg 300w, http:\/\/www.galerieartconcept.com\/wp-content\/uploads\/MB-IDF-768x576.jpg 768w, http:\/\/www.galerieartconcept.com\/wp-content\/uploads\/MB-IDF-1536x1152.jpg 1536w, http:\/\/www.galerieartconcept.com\/wp-content\/uploads\/MB-IDF-2048x1536.jpg 2048w, http:\/\/www.galerieartconcept.com\/wp-content\/uploads\/MB-IDF-1200x900.jpg 1200w, http:\/\/www.galerieartconcept.com\/wp-content\/uploads\/MB-IDF-1980x1485.jpg 1980w\" sizes=\"auto, (max-width: 1024px) 100vw, 1024px\" \/><figcaption class=\"wp-element-caption\">Vue de l&rsquo;exposition, \u00ab\u00a0Le Grand Restaurant\u00a0\u00bb Michel Blazy \/ Frac Ile-de-France \/ Le plateau. 2012<\/figcaption><\/figure>\n\n\n\n<figure class=\"wp-block-image size-large\"><img loading=\"lazy\" decoding=\"async\" width=\"1024\" height=\"768\" data-id=\"35771\" src=\"http:\/\/www.galerieartconcept.com\/wp-content\/uploads\/MB-PDT-1024x768.jpg\" alt=\"\" class=\"wp-image-35771\" srcset=\"http:\/\/www.galerieartconcept.com\/wp-content\/uploads\/MB-PDT-1024x768.jpg 1024w, http:\/\/www.galerieartconcept.com\/wp-content\/uploads\/MB-PDT-300x225.jpg 300w, http:\/\/www.galerieartconcept.com\/wp-content\/uploads\/MB-PDT-768x576.jpg 768w, http:\/\/www.galerieartconcept.com\/wp-content\/uploads\/MB-PDT-1536x1152.jpg 1536w, http:\/\/www.galerieartconcept.com\/wp-content\/uploads\/MB-PDT-2048x1536.jpg 2048w, http:\/\/www.galerieartconcept.com\/wp-content\/uploads\/MB-PDT-1200x900.jpg 1200w, http:\/\/www.galerieartconcept.com\/wp-content\/uploads\/MB-PDT-1980x1485.jpg 1980w\" sizes=\"auto, (max-width: 1024px) 100vw, 1024px\" \/><figcaption class=\"wp-element-caption\">Vue de l&rsquo;exposition, Post Patman, Palais de Tokyo, Paris, 2006. Photo: Marc Domage.<\/figcaption><\/figure>\n\n\n\n<figure class=\"wp-block-image size-large\"><img loading=\"lazy\" decoding=\"async\" width=\"1024\" height=\"768\" data-id=\"35775\" src=\"http:\/\/www.galerieartconcept.com\/wp-content\/uploads\/MB-PDT-2-1024x768.jpg\" alt=\"\" class=\"wp-image-35775\" srcset=\"http:\/\/www.galerieartconcept.com\/wp-content\/uploads\/MB-PDT-2-1024x768.jpg 1024w, http:\/\/www.galerieartconcept.com\/wp-content\/uploads\/MB-PDT-2-300x225.jpg 300w, http:\/\/www.galerieartconcept.com\/wp-content\/uploads\/MB-PDT-2-768x576.jpg 768w, http:\/\/www.galerieartconcept.com\/wp-content\/uploads\/MB-PDT-2-1536x1152.jpg 1536w, http:\/\/www.galerieartconcept.com\/wp-content\/uploads\/MB-PDT-2-2048x1536.jpg 2048w, http:\/\/www.galerieartconcept.com\/wp-content\/uploads\/MB-PDT-2-1200x900.jpg 1200w, http:\/\/www.galerieartconcept.com\/wp-content\/uploads\/MB-PDT-2-1980x1485.jpg 1980w\" sizes=\"auto, (max-width: 1024px) 100vw, 1024px\" \/><figcaption class=\"wp-element-caption\">Vue de l&rsquo;exposition, Post Patman, Palais de Tokyo, Paris, 2006. Photo: Marc Domage.<\/figcaption><\/figure>\n\n\n\n<figure class=\"wp-block-image size-large\"><img loading=\"lazy\" decoding=\"async\" width=\"1024\" height=\"768\" data-id=\"35293\" src=\"http:\/\/www.galerieartconcept.com\/wp-content\/uploads\/BLA295-b-1024x768.jpg\" alt=\"\" class=\"wp-image-35293\" srcset=\"http:\/\/www.galerieartconcept.com\/wp-content\/uploads\/BLA295-b-1024x768.jpg 1024w, http:\/\/www.galerieartconcept.com\/wp-content\/uploads\/BLA295-b-300x225.jpg 300w, http:\/\/www.galerieartconcept.com\/wp-content\/uploads\/BLA295-b-768x576.jpg 768w, http:\/\/www.galerieartconcept.com\/wp-content\/uploads\/BLA295-b-1536x1152.jpg 1536w, http:\/\/www.galerieartconcept.com\/wp-content\/uploads\/BLA295-b-2048x1536.jpg 2048w, http:\/\/www.galerieartconcept.com\/wp-content\/uploads\/BLA295-b-1200x900.jpg 1200w, http:\/\/www.galerieartconcept.com\/wp-content\/uploads\/BLA295-b-1980x1485.jpg 1980w\" sizes=\"auto, (max-width: 1024px) 100vw, 1024px\" \/><figcaption class=\"wp-element-caption\">Vue de l&rsquo;exposition, Post Patman, Palais de Tokyo, Paris, 2006. Photo: Marc Domage.<\/figcaption><\/figure>\n\n\n\n<figure class=\"wp-block-image size-large\"><img loading=\"lazy\" decoding=\"async\" width=\"1024\" height=\"768\" data-id=\"35309\" src=\"http:\/\/www.galerieartconcept.com\/wp-content\/uploads\/BLA313-c-1024x768.jpg\" alt=\"\" class=\"wp-image-35309\" srcset=\"http:\/\/www.galerieartconcept.com\/wp-content\/uploads\/BLA313-c-1024x768.jpg 1024w, http:\/\/www.galerieartconcept.com\/wp-content\/uploads\/BLA313-c-300x225.jpg 300w, http:\/\/www.galerieartconcept.com\/wp-content\/uploads\/BLA313-c-768x576.jpg 768w, http:\/\/www.galerieartconcept.com\/wp-content\/uploads\/BLA313-c-1536x1152.jpg 1536w, http:\/\/www.galerieartconcept.com\/wp-content\/uploads\/BLA313-c-2048x1536.jpg 2048w, http:\/\/www.galerieartconcept.com\/wp-content\/uploads\/BLA313-c-1200x900.jpg 1200w, http:\/\/www.galerieartconcept.com\/wp-content\/uploads\/BLA313-c-1980x1485.jpg 1980w\" sizes=\"auto, (max-width: 1024px) 100vw, 1024px\" \/><figcaption class=\"wp-element-caption\">Vue de l&rsquo;exposition, Instant Mashed Potato\u00efd, Cimaise &amp; Portique, Albi, 2002. Photo: Marc Boyer<\/figcaption><\/figure>\n\n\n\n<figure class=\"wp-block-image size-large\"><img loading=\"lazy\" decoding=\"async\" width=\"1024\" height=\"768\" data-id=\"35307\" src=\"http:\/\/www.galerieartconcept.com\/wp-content\/uploads\/BLA313-n-1024x768.jpg\" alt=\"\" class=\"wp-image-35307\" srcset=\"http:\/\/www.galerieartconcept.com\/wp-content\/uploads\/BLA313-n-1024x768.jpg 1024w, http:\/\/www.galerieartconcept.com\/wp-content\/uploads\/BLA313-n-300x225.jpg 300w, http:\/\/www.galerieartconcept.com\/wp-content\/uploads\/BLA313-n-768x576.jpg 768w, http:\/\/www.galerieartconcept.com\/wp-content\/uploads\/BLA313-n-1536x1152.jpg 1536w, http:\/\/www.galerieartconcept.com\/wp-content\/uploads\/BLA313-n-2048x1536.jpg 2048w, http:\/\/www.galerieartconcept.com\/wp-content\/uploads\/BLA313-n-1200x900.jpg 1200w, http:\/\/www.galerieartconcept.com\/wp-content\/uploads\/BLA313-n-1980x1485.jpg 1980w\" sizes=\"auto, (max-width: 1024px) 100vw, 1024px\" \/><figcaption class=\"wp-element-caption\">Vue de l&rsquo;exposition, Instant Mashed Potato\u00efd, Cimaise &amp; Portique, Albi, 2002. Photo: Marc Boyer<\/figcaption><\/figure>\n\n\n\n<figure class=\"wp-block-image size-large\"><img loading=\"lazy\" decoding=\"async\" width=\"1024\" height=\"768\" data-id=\"35780\" src=\"http:\/\/www.galerieartconcept.com\/wp-content\/uploads\/MB-Mona-1024x768.jpg\" alt=\"\" class=\"wp-image-35780\" srcset=\"http:\/\/www.galerieartconcept.com\/wp-content\/uploads\/MB-Mona-1024x768.jpg 1024w, http:\/\/www.galerieartconcept.com\/wp-content\/uploads\/MB-Mona-300x225.jpg 300w, http:\/\/www.galerieartconcept.com\/wp-content\/uploads\/MB-Mona-768x576.jpg 768w, http:\/\/www.galerieartconcept.com\/wp-content\/uploads\/MB-Mona-1536x1152.jpg 1536w, http:\/\/www.galerieartconcept.com\/wp-content\/uploads\/MB-Mona-2048x1536.jpg 2048w, http:\/\/www.galerieartconcept.com\/wp-content\/uploads\/MB-Mona-1200x900.jpg 1200w, http:\/\/www.galerieartconcept.com\/wp-content\/uploads\/MB-Mona-1980x1485.jpg 1980w\" sizes=\"auto, (max-width: 1024px) 100vw, 1024px\" \/><figcaption class=\"wp-element-caption\">Vue de l&rsquo;exposition, <br>Monanism an evolving exhibition, Mona-Museum of Old and New Art, Hobart, Tasmanie, 2011<\/figcaption><\/figure>\n\n\n\n<figure class=\"wp-block-image size-large\"><img loading=\"lazy\" decoding=\"async\" width=\"1024\" height=\"768\" data-id=\"35787\" src=\"http:\/\/www.galerieartconcept.com\/wp-content\/uploads\/MB-Albi-1024x768.jpg\" alt=\"\" class=\"wp-image-35787\" srcset=\"http:\/\/www.galerieartconcept.com\/wp-content\/uploads\/MB-Albi-1024x768.jpg 1024w, http:\/\/www.galerieartconcept.com\/wp-content\/uploads\/MB-Albi-300x225.jpg 300w, http:\/\/www.galerieartconcept.com\/wp-content\/uploads\/MB-Albi-768x576.jpg 768w, http:\/\/www.galerieartconcept.com\/wp-content\/uploads\/MB-Albi-1536x1152.jpg 1536w, http:\/\/www.galerieartconcept.com\/wp-content\/uploads\/MB-Albi-2048x1536.jpg 2048w, http:\/\/www.galerieartconcept.com\/wp-content\/uploads\/MB-Albi-1200x900.jpg 1200w, http:\/\/www.galerieartconcept.com\/wp-content\/uploads\/MB-Albi-1980x1485.jpg 1980w\" sizes=\"auto, (max-width: 1024px) 100vw, 1024px\" \/><figcaption class=\"wp-element-caption\">Vue de l&rsquo;exposition, Instant Mashed Potato\u00efd, Cimaise &amp; Portique, Albi, 2002. Photo: Marc Boyer<\/figcaption><\/figure>\n\n\n\n<figure class=\"wp-block-image size-large\"><img loading=\"lazy\" decoding=\"async\" width=\"768\" height=\"1024\" data-id=\"35792\" src=\"http:\/\/www.galerieartconcept.com\/wp-content\/uploads\/MB-Albi1-768x1024.jpg\" alt=\"\" class=\"wp-image-35792\" srcset=\"http:\/\/www.galerieartconcept.com\/wp-content\/uploads\/MB-Albi1-768x1024.jpg 768w, http:\/\/www.galerieartconcept.com\/wp-content\/uploads\/MB-Albi1-225x300.jpg 225w, http:\/\/www.galerieartconcept.com\/wp-content\/uploads\/MB-Albi1-1152x1536.jpg 1152w, http:\/\/www.galerieartconcept.com\/wp-content\/uploads\/MB-Albi1-1536x2048.jpg 1536w, http:\/\/www.galerieartconcept.com\/wp-content\/uploads\/MB-Albi1-1200x1600.jpg 1200w, http:\/\/www.galerieartconcept.com\/wp-content\/uploads\/MB-Albi1-1980x2640.jpg 1980w, http:\/\/www.galerieartconcept.com\/wp-content\/uploads\/MB-Albi1-scaled.jpg 1920w\" sizes=\"auto, (max-width: 768px) 100vw, 768px\" \/><figcaption class=\"wp-element-caption\">Vue de l&rsquo;exposition, Instant Mashed Potato\u00efd, Cimaise &amp; Portique, Albi, 2002. Photo: Marc Boyer<\/figcaption><\/figure>\n\n\n\n<figure class=\"wp-block-image size-large\"><img loading=\"lazy\" decoding=\"async\" width=\"768\" height=\"1024\" data-id=\"35794\" src=\"http:\/\/www.galerieartconcept.com\/wp-content\/uploads\/MB-Albi2-768x1024.jpg\" alt=\"\" class=\"wp-image-35794\" srcset=\"http:\/\/www.galerieartconcept.com\/wp-content\/uploads\/MB-Albi2-768x1024.jpg 768w, http:\/\/www.galerieartconcept.com\/wp-content\/uploads\/MB-Albi2-225x300.jpg 225w, http:\/\/www.galerieartconcept.com\/wp-content\/uploads\/MB-Albi2-1152x1536.jpg 1152w, http:\/\/www.galerieartconcept.com\/wp-content\/uploads\/MB-Albi2-1536x2048.jpg 1536w, http:\/\/www.galerieartconcept.com\/wp-content\/uploads\/MB-Albi2-1200x1600.jpg 1200w, http:\/\/www.galerieartconcept.com\/wp-content\/uploads\/MB-Albi2-1980x2640.jpg 1980w, http:\/\/www.galerieartconcept.com\/wp-content\/uploads\/MB-Albi2-scaled.jpg 1920w\" sizes=\"auto, (max-width: 768px) 100vw, 768px\" \/><figcaption class=\"wp-element-caption\">Vue de l&rsquo;exposition, Instant Mashed Potato\u00efd, Cimaise &amp; Portique, Albi, 2002. Photo: Marc Boyer<\/figcaption><\/figure>\n\n\n\n<figure class=\"wp-block-image size-large\"><img loading=\"lazy\" decoding=\"async\" width=\"1024\" height=\"768\" data-id=\"35798\" src=\"http:\/\/www.galerieartconcept.com\/wp-content\/uploads\/MB-serpentine-1024x768.jpg\" alt=\"\" class=\"wp-image-35798\" srcset=\"http:\/\/www.galerieartconcept.com\/wp-content\/uploads\/MB-serpentine-1024x768.jpg 1024w, http:\/\/www.galerieartconcept.com\/wp-content\/uploads\/MB-serpentine-300x225.jpg 300w, http:\/\/www.galerieartconcept.com\/wp-content\/uploads\/MB-serpentine-768x576.jpg 768w, http:\/\/www.galerieartconcept.com\/wp-content\/uploads\/MB-serpentine-1536x1152.jpg 1536w, http:\/\/www.galerieartconcept.com\/wp-content\/uploads\/MB-serpentine-2048x1536.jpg 2048w, http:\/\/www.galerieartconcept.com\/wp-content\/uploads\/MB-serpentine-1200x900.jpg 1200w, http:\/\/www.galerieartconcept.com\/wp-content\/uploads\/MB-serpentine-1980x1485.jpg 1980w\" sizes=\"auto, (max-width: 1024px) 100vw, 1024px\" \/><figcaption class=\"wp-element-caption\">Vue de l&rsquo;exposition,The greenhouse effect, Serpentine Gallery, London\/<br>UK. 2000<\/figcaption><\/figure>\n\n\n\n<figure class=\"wp-block-image size-large\"><img loading=\"lazy\" decoding=\"async\" width=\"1024\" height=\"768\" data-id=\"35801\" src=\"http:\/\/www.galerieartconcept.com\/wp-content\/uploads\/MB-Venise-95-1024x768.jpg\" alt=\"\" class=\"wp-image-35801\" srcset=\"http:\/\/www.galerieartconcept.com\/wp-content\/uploads\/MB-Venise-95-1024x768.jpg 1024w, http:\/\/www.galerieartconcept.com\/wp-content\/uploads\/MB-Venise-95-300x225.jpg 300w, http:\/\/www.galerieartconcept.com\/wp-content\/uploads\/MB-Venise-95-768x576.jpg 768w, http:\/\/www.galerieartconcept.com\/wp-content\/uploads\/MB-Venise-95-1536x1152.jpg 1536w, http:\/\/www.galerieartconcept.com\/wp-content\/uploads\/MB-Venise-95-2048x1536.jpg 2048w, http:\/\/www.galerieartconcept.com\/wp-content\/uploads\/MB-Venise-95-1200x900.jpg 1200w, http:\/\/www.galerieartconcept.com\/wp-content\/uploads\/MB-Venise-95-1980x1485.jpg 1980w\" sizes=\"auto, (max-width: 1024px) 100vw, 1024px\" \/><figcaption class=\"wp-element-caption\">Vue de l&rsquo;exposition, L\u2019Histoire de l\u2019Infamie, Venice Biennale, 1995. Curator Jean-Yves Jouannais<\/figcaption><\/figure>\n<\/figure>\n\n\n\n<h4 class=\"wp-block-heading\">Biographie<\/h4>\n\n\n\n<p>N\u00e9 \u00e0 Monaco en 1966, Michel Blazy vit et travaille \u00e0 Saint-Denis (Ile-de-France\/FR).  <\/p>\n\n\n\n<p>Depuis ses \u00e9tudes \u00e0 la Villa Arson dans les ann\u00e9es 1990, l\u2019artiste travaille sur l\u2019exploitation de la mati\u00e8re et du vivant. Privil\u00e9giant des mat\u00e9riaux humbles g\u00e9n\u00e9ralement issus de son quotidien, produits que l\u2019on peut trouver dans la cuisine (gobelets en plastique, papier essuie-tout, colorants alimentaires, d\u00e9tergents, etc.) ou \u00e9l\u00e9ments vivants provenant du jardin, Michel Blazy donne \u00e0 voir des propositions libres et \u00e9volutives qui revendiquent le passage du temps. Qu\u2019il s\u2019agisse de ses premi\u00e8res exp\u00e9rimentations avec les lentilles, de ses murs qui p\u00e8lent ou encore de ses fontaines de mousse, les \u0153uvres de Michel Blazy mettent \u00e0 l\u2019honneur les mutations de la mati\u00e8re et laissent place au hasard et \u00e0 l\u2019impr\u00e9visible. L\u2019artiste donne l\u2019impulsion premi\u00e8re, la mati\u00e8re fait le reste, \u00e9voluant et se transformant dans l\u2019espace-temps de l\u2019exposition, en fonction de ses propri\u00e9t\u00e9s et de ses conditions de monstration. Critiquant toujours avec humour et po\u00e9sie le consum\u00e9risme contemporain, son travail remet non seulement en question le statut d\u2019\u0153uvre d\u2019art mais nous propose une alternative r\u00e9conciliant l\u2019artificiel et le naturel, l\u2019univers technologique et le monde du vivant.*<\/p>\n\n\n\n<p>Son travail est pr\u00e9sent dans de nombreuses collections publiques dont le Mus\u00e9e national d\u2019art moderne\u2013Centre Pompidou, France ; le Museum of Old and New Art (MONA), Tasmanie ; le Mus\u00e9e d\u2019art moderne de Paris, France ; le Fond National d&rsquo;Art Contemporain, Paris, France; le Nouveau Mus\u00e9e National de Monaco et une dizaine de fonds r\u00e9gionaux d\u2019art contemporain en France (FRAC).<\/p>\n\n\n\n<p>Plusieurs expositions lui ont \u00e9t\u00e9 consacr\u00e9es ces derni\u00e8res ann\u00e9es, notamment : <meta http-equiv=\"content-type\" content=\"text\/html; charset=utf-8\"><\/meta>La cantine, CIPAV, Ile de Vassivi\u00e8re\/FR (2024) ; Six pieds sur terre, Le portique, Le Havre (2022); Multiverse, La Loge, Brussels (2019) ; We Were The Robots, Moody Center for the Arts, Houston, TX (2019) ; Living Room II, Maison Herm\u00e8s, Tokyo (2016), Pull Over Time, Art : Concept, Paris (2015) ; Bouquet Final 3, National Gallery of Victoria, Melbourne White Night (2013) ; Post Patman, Palais de Tokyo, Paris (2007). Le travail de Michel Blazy a fait partie de l\u2019exposition Viva Arte Viva, curat\u00e9e par Christine Macel lors de la Biennale di Venezia 2017.<\/p>\n\n\n\n<p>*Texte par la National Gallery de Victoria\/AU<\/p>\n\n\n\n<h4 class=\"wp-block-heading\">A la galerie<\/h4>\n\n\n\n<ul class=\"wp-block-list\">\n<li><a href=\"https:\/\/www.galerieartconcept.com\/fr\/michel-blazy-2025\/\" data-type=\"link\" data-id=\"https:\/\/www.galerieartconcept.com\/fr\/michel-blazy-2025\/\">Michel Blazy &#8211; Exposition personnelle, 2025<\/a><\/li>\n\n\n\n<li><a href=\"http:\/\/www.galerieartconcept.com\/new\/en\/michel-blazy-2017\/\">Michel Blazy \u2013 Exposition personnelle, 2017<\/a><\/li>\n\n\n\n<li><a href=\"http:\/\/www.galerieartconcept.com\/new\/en\/pull-over-time-2015\/\">Pull Over Time, 2015<\/a><\/li>\n\n\n\n<li><a href=\"http:\/\/www.galerieartconcept.com\/new\/en\/debordement-domestique-2012\/\">D\u00e9bordement domestique, 2012<\/a><\/li>\n\n\n\n<li><a href=\"http:\/\/www.galerieartconcept.com\/new\/en\/bagna-cauda\/\">Bagna Cauda, 2010<\/a><\/li>\n\n\n\n<li><a href=\"http:\/\/www.galerieartconcept.com\/new\/en\/cinematique-esthetique-politique-hermetique\/\">Cin\u00e9matique, Esth\u00e9tique, Politique, Herm\u00e9tique, 2010<\/a><\/li>\n\n\n\n<li><a href=\"http:\/\/www.galerieartconcept.com\/new\/en\/comment-faire-avec-les-crabes-les-coleopteres-les-fourmis-les-lezards-les-oiseaux-et-les-souris-2009\/\">Comment faire avec les crabes, les col\u00e9opt\u00e8res, les fourmis, les l\u00e9zards, les oiseaux et les souris ?, 2009<\/a><\/li>\n\n\n\n<li><a href=\"http:\/\/www.galerieartconcept.com\/new\/en\/vanity-case-2005\/\">Vanity Case, 2005<\/a><\/li>\n\n\n\n<li><a href=\"http:\/\/www.galerieartconcept.com\/new\/en\/les-succulentes-2003\/\">Les succulentes, 2003<\/a><\/li>\n\n\n\n<li><a href=\"http:\/\/www.galerieartconcept.com\/new\/en\/les-animaux-en-voie-de-disparition-2000\/\">Les animaux en voie de disparition, 2000<\/a><\/li>\n\n\n\n<li><a href=\"http:\/\/www.galerieartconcept.com\/new\/en\/nees-de-la-derniere-pluie-1994\/\">N\u00e9es de la derni\u00e8re pluie, 1994<\/a><\/li>\n\n\n\n<li><a href=\"http:\/\/www.galerieartconcept.com\/new\/en\/fiasco\/\">Fiasco, 1992<\/a><\/li>\n\n\n\n<li><a href=\"http:\/\/www.galerieartconcept.com\/new\/en\/lescargorium-n1-1992\/\">L\u2019escargorium n\u00b01, 1992<\/a><\/li>\n<\/ul>\n\n\n\n<h4 class=\"wp-block-heading\">Vid\u00e9os<\/h4>\n\n\n\n<ul class=\"wp-block-list\">\n<li><a href=\"http:\/\/www.galerieartconcept.com\/new\/en\/voyage-a-nantes-2018\/\"><\/a><a href=\"http:\/\/www.galerieartconcept.com\/new\/en\/voyage-a-nantes-2018\/\">Voyage \u00e0 Nantes, 2018 \/ Images and installation<\/a><\/li>\n\n\n\n<li><a href=\"http:\/\/www.galerieartconcept.com\/new\/en\/interview-with-michel-blazy-on-his-solo-show-pull-over-time-2015\/\">Interview with Michel Blazy on his solo show, Pull Over Time, 2015<\/a><\/li>\n<\/ul>\n\n\n\n<h4 class=\"wp-block-heading\">Projets d&rsquo;artistes<\/h4>\n\n\n\n<ul class=\"wp-block-list\">\n<li><a href=\"http:\/\/www.galerieartconcept.com\/fr\/michel-blazy-the-god-trick-pav-parco-arte-vivente-torino-it-2018\/\" data-type=\"URL\" data-id=\"http:\/\/www.galerieartconcept.com\/fr\/michel-blazy-the-god-trick-pav-parco-arte-vivente-torino-it-2018\/\">The God-Trick, 2018. PAV &#8211; Parco Arte Vivente, Torino\/IT<\/a><\/li>\n\n\n\n<li><a href=\"http:\/\/www.galerieartconcept.com\/fr\/michel-blazy-bouquet-final-2012-college-des-bernardins-fr-mairie-du-4eme-arrondissement-fr\/\" data-type=\"URL\" data-id=\"http:\/\/www.galerieartconcept.com\/fr\/michel-blazy-bouquet-final-2012-college-des-bernardins-fr-mairie-du-4eme-arrondissement-fr\/\">Bouquet Final, 2012. Coll\u00e8ge des Bernardins\/FR, Mairie du 4\u00e8me arrondissement\/FR<\/a><\/li>\n\n\n\n<li><a href=\"http:\/\/www.galerieartconcept.com\/fr\/michel-blazy-noel-en-aout-2009-pav-turin-it\/\" data-type=\"URL\" data-id=\"http:\/\/www.galerieartconcept.com\/fr\/michel-blazy-noel-en-aout-2009-pav-turin-it\/\">No\u00ebl en ao\u00fbt, 2009. PAV Turin\/IT<\/a><\/li>\n<\/ul>\n\n\n\n<h4 class=\"wp-block-heading\">T\u00e9l\u00e9chargements<\/h4>\n\n\n\n<div class=\"wp-block-file\"><a id=\"wp-block-file--media-8d892770-64ad-4384-9a89-46477bb50b03\" href=\"http:\/\/www.galerieartconcept.com\/wp-content\/uploads\/MB-CV-1.pdf\">CV (pdf)<\/a><a href=\"http:\/\/www.galerieartconcept.com\/wp-content\/uploads\/MB-CV-1.pdf\" class=\"wp-block-file__button wp-element-button\" download aria-describedby=\"wp-block-file--media-8d892770-64ad-4384-9a89-46477bb50b03\">Download<\/a><\/div>\n\n\n\n<div class=\"wp-block-file\"><a id=\"wp-block-file--media-d0cf2623-6ad1-411d-aa7a-110bc4aba881\" href=\"http:\/\/www.galerieartconcept.com\/wp-content\/uploads\/MB-presse-selection-2026.pdf\">Presse (pdf)<\/a><a href=\"http:\/\/www.galerieartconcept.com\/wp-content\/uploads\/MB-presse-selection-2026.pdf\" class=\"wp-block-file__button wp-element-button\" download aria-describedby=\"wp-block-file--media-d0cf2623-6ad1-411d-aa7a-110bc4aba881\">Download<\/a><\/div>\n\n\n\n<div style=\"height:30px\" aria-hidden=\"true\" class=\"wp-block-spacer\"><\/div>\n\n\n\n<h4 class=\"wp-block-heading\">Catalogues<\/h4>\n\n\n\n<div style=\"height:50px\" aria-hidden=\"true\" class=\"wp-block-spacer\"><\/div>\n\n\n\n<figure class=\"wp-block-gallery has-nested-images columns-4 is-cropped wp-block-gallery-2 is-layout-flex wp-block-gallery-is-layout-flex\">\n<figure class=\"wp-block-image size-large\"><img loading=\"lazy\" decoding=\"async\" width=\"778\" height=\"1024\" data-id=\"30153\" src=\"http:\/\/www.galerieartconcept.com\/wp-content\/uploads\/Capture-de\u0301cran-2024-04-17-a\u0300-12.05.22-5-778x1024.png\" alt=\"\" class=\"wp-image-30153\" srcset=\"http:\/\/www.galerieartconcept.com\/wp-content\/uploads\/Capture-de\u0301cran-2024-04-17-a\u0300-12.05.22-5-778x1024.png 778w, http:\/\/www.galerieartconcept.com\/wp-content\/uploads\/Capture-de\u0301cran-2024-04-17-a\u0300-12.05.22-5-228x300.png 228w, http:\/\/www.galerieartconcept.com\/wp-content\/uploads\/Capture-de\u0301cran-2024-04-17-a\u0300-12.05.22-5-768x1011.png 768w, http:\/\/www.galerieartconcept.com\/wp-content\/uploads\/Capture-de\u0301cran-2024-04-17-a\u0300-12.05.22-5.png 972w\" sizes=\"auto, (max-width: 778px) 100vw, 778px\" \/><\/figure>\n\n\n\n<figure class=\"wp-block-image size-large\"><img loading=\"lazy\" decoding=\"async\" width=\"790\" height=\"1024\" data-id=\"36786\" src=\"http:\/\/www.galerieartconcept.com\/wp-content\/uploads\/MB-catalogues-3-790x1024.jpeg\" alt=\"\" class=\"wp-image-36786\" srcset=\"http:\/\/www.galerieartconcept.com\/wp-content\/uploads\/MB-catalogues-3-790x1024.jpeg 790w, http:\/\/www.galerieartconcept.com\/wp-content\/uploads\/MB-catalogues-3-231x300.jpeg 231w, http:\/\/www.galerieartconcept.com\/wp-content\/uploads\/MB-catalogues-3-768x996.jpeg 768w, http:\/\/www.galerieartconcept.com\/wp-content\/uploads\/MB-catalogues-3-1185x1536.jpeg 1185w, http:\/\/www.galerieartconcept.com\/wp-content\/uploads\/MB-catalogues-3-1580x2048.jpeg 1580w, http:\/\/www.galerieartconcept.com\/wp-content\/uploads\/MB-catalogues-3-1200x1556.jpeg 1200w, http:\/\/www.galerieartconcept.com\/wp-content\/uploads\/MB-catalogues-3-1980x2567.jpeg 1980w, http:\/\/www.galerieartconcept.com\/wp-content\/uploads\/MB-catalogues-3-scaled.jpeg 1975w\" sizes=\"auto, (max-width: 790px) 100vw, 790px\" \/><figcaption class=\"wp-element-caption\">Michel Blazy : Living Room II, 2016<br>[Exposition Living Room II, 2016.9.16 -11.27 Le Forum, Herm\u00e8s, Tokyo, Japon]<br>Edition Le Forum, Herm\u00e8s, Tokyo, Japon<\/figcaption><\/figure>\n\n\n\n<figure class=\"wp-block-image size-full\"><img loading=\"lazy\" decoding=\"async\" width=\"627\" height=\"817\" data-id=\"30149\" src=\"http:\/\/www.galerieartconcept.com\/wp-content\/uploads\/Michel_Blazy-Valerie_Da_Costa-Xavier_Franceschi-Olivier_Michelon-Ralph_Rugoff-FRAC_ile_de_France-Baldinger_01.jpg\" alt=\"\" class=\"wp-image-30149\" srcset=\"http:\/\/www.galerieartconcept.com\/wp-content\/uploads\/Michel_Blazy-Valerie_Da_Costa-Xavier_Franceschi-Olivier_Michelon-Ralph_Rugoff-FRAC_ile_de_France-Baldinger_01.jpg 627w, http:\/\/www.galerieartconcept.com\/wp-content\/uploads\/Michel_Blazy-Valerie_Da_Costa-Xavier_Franceschi-Olivier_Michelon-Ralph_Rugoff-FRAC_ile_de_France-Baldinger_01-230x300.jpg 230w\" sizes=\"auto, (max-width: 627px) 100vw, 627px\" \/><figcaption class=\"wp-element-caption\"><br>Michel Blazy, 2015<br>Frac \u00cele-de-France, Manuella \u00c9ditions, Paris<br>24 \u00d7 32 cm, 704 pages<br>ISBN : 978-2-917517-54-2<br><\/figcaption><\/figure>\n\n\n\n<figure class=\"wp-block-image size-full\"><img loading=\"lazy\" decoding=\"async\" width=\"600\" height=\"849\" data-id=\"30155\" src=\"http:\/\/www.galerieartconcept.com\/wp-content\/uploads\/i__id2705_mw600__1x.jpg\" alt=\"\" class=\"wp-image-30155\" srcset=\"http:\/\/www.galerieartconcept.com\/wp-content\/uploads\/i__id2705_mw600__1x.jpg 600w, http:\/\/www.galerieartconcept.com\/wp-content\/uploads\/i__id2705_mw600__1x-212x300.jpg 212w\" sizes=\"auto, (max-width: 600px) 100vw, 600px\" \/><figcaption class=\"wp-element-caption\"><br>Michel Blazy, Solarium, 2014<br>Frac Corse, Silvana Editoriale, Milan<br>21 x 30 cm, 64 pages<br>ISBN : 978-8-8366247-8-2<\/figcaption><\/figure>\n\n\n\n<figure class=\"wp-block-image size-large\"><img loading=\"lazy\" decoding=\"async\" width=\"944\" height=\"896\" data-id=\"33537\" src=\"http:\/\/www.galerieartconcept.com\/wp-content\/uploads\/Carre-blanc-1.png\" alt=\"\" class=\"wp-image-33537\" srcset=\"http:\/\/www.galerieartconcept.com\/wp-content\/uploads\/Carre-blanc-1.png 944w, http:\/\/www.galerieartconcept.com\/wp-content\/uploads\/Carre-blanc-1-300x285.png 300w, http:\/\/www.galerieartconcept.com\/wp-content\/uploads\/Carre-blanc-1-768x729.png 768w\" sizes=\"auto, (max-width: 944px) 100vw, 944px\" \/><\/figure>\n\n\n\n<figure class=\"wp-block-image size-full\"><img loading=\"lazy\" decoding=\"async\" width=\"1985\" height=\"2560\" data-id=\"36757\" src=\"http:\/\/www.galerieartconcept.com\/wp-content\/uploads\/MB-catalogues-4-scaled.jpeg\" alt=\"\" class=\"wp-image-36757\" srcset=\"http:\/\/www.galerieartconcept.com\/wp-content\/uploads\/MB-catalogues-4-scaled.jpeg 1985w, http:\/\/www.galerieartconcept.com\/wp-content\/uploads\/MB-catalogues-4-233x300.jpeg 233w, http:\/\/www.galerieartconcept.com\/wp-content\/uploads\/MB-catalogues-4-794x1024.jpeg 794w, http:\/\/www.galerieartconcept.com\/wp-content\/uploads\/MB-catalogues-4-768x991.jpeg 768w, http:\/\/www.galerieartconcept.com\/wp-content\/uploads\/MB-catalogues-4-1191x1536.jpeg 1191w, http:\/\/www.galerieartconcept.com\/wp-content\/uploads\/MB-catalogues-4-1588x2048.jpeg 1588w, http:\/\/www.galerieartconcept.com\/wp-content\/uploads\/MB-catalogues-4-1200x1548.jpeg 1200w, http:\/\/www.galerieartconcept.com\/wp-content\/uploads\/MB-catalogues-4-1980x2554.jpeg 1980w\" sizes=\"auto, (max-width: 1985px) 100vw, 1985px\" \/><figcaption class=\"wp-element-caption\">Michel Blazy &#8211; Emmanuel Louisgrand : Idyllique Parc<br>[Exposition \u00e0 l\u2019Espace d&rsquo;art contemporain La T\u00f4lerie, &#8211; 2009 &#8211; Clermont-Ferrand, France]<br>Edition Clermont-Ferrand &#8211; In extenso. p 86 ; 18,9 cm.<br>ISBN 978-2-9532338-1-0<\/figcaption><\/figure>\n\n\n\n<figure class=\"wp-block-image size-full\"><img loading=\"lazy\" decoding=\"async\" width=\"425\" height=\"614\" data-id=\"33535\" src=\"http:\/\/www.galerieartconcept.com\/wp-content\/uploads\/MB-cat-falling-garden-1.jpg\" alt=\"\" class=\"wp-image-33535\" srcset=\"http:\/\/www.galerieartconcept.com\/wp-content\/uploads\/MB-cat-falling-garden-1.jpg 425w, http:\/\/www.galerieartconcept.com\/wp-content\/uploads\/MB-cat-falling-garden-1-208x300.jpg 208w\" sizes=\"auto, (max-width: 425px) 100vw, 425px\" \/><figcaption class=\"wp-element-caption\"><br>Falling Garden, 2007 <br>[Exposition au Kunstraum de Dornbirn, Verlag f\u00fcr moderne Kunst N\u00fcrnberg, 2007]<br>31 pages<br>Moderne Kunst Nurnberg<br>ISBN : 978-3939738503<br><\/figcaption><\/figure>\n\n\n\n<figure class=\"wp-block-image size-full\"><img loading=\"lazy\" decoding=\"async\" width=\"566\" height=\"861\" data-id=\"33486\" src=\"http:\/\/www.galerieartconcept.com\/wp-content\/uploads\/MB-cat-blacky.jpg\" alt=\"\" class=\"wp-image-33486\" srcset=\"http:\/\/www.galerieartconcept.com\/wp-content\/uploads\/MB-cat-blacky.jpg 566w, http:\/\/www.galerieartconcept.com\/wp-content\/uploads\/MB-cat-blacky-197x300.jpg 197w\" sizes=\"auto, (max-width: 566px) 100vw, 566px\" \/><figcaption class=\"wp-element-caption\"><br>La Toilette de Blacky &#8211; Nature molle \u00e0 la barquette, 2005<br>Co\u00e9dition : Ville de Tours, Eternal Network, Tours et Art : Concept, Paris<br>17 cm, pages<br><br><\/figcaption><\/figure>\n\n\n\n<figure class=\"wp-block-image size-medium\"><img loading=\"lazy\" decoding=\"async\" width=\"300\" height=\"285\" data-id=\"33725\" src=\"http:\/\/www.galerieartconcept.com\/wp-content\/uploads\/Carre-blanc-2-300x285.png\" alt=\"\" class=\"wp-image-33725\" srcset=\"http:\/\/www.galerieartconcept.com\/wp-content\/uploads\/Carre-blanc-2-300x285.png 300w, http:\/\/www.galerieartconcept.com\/wp-content\/uploads\/Carre-blanc-2-768x729.png 768w, http:\/\/www.galerieartconcept.com\/wp-content\/uploads\/Carre-blanc-2.png 944w\" sizes=\"auto, (max-width: 300px) 100vw, 300px\" \/><\/figure>\n\n\n\n<figure class=\"wp-block-image size-full\"><img loading=\"lazy\" decoding=\"async\" width=\"1793\" height=\"2560\" data-id=\"36770\" src=\"http:\/\/www.galerieartconcept.com\/wp-content\/uploads\/MB-catalogues-1-scaled.jpeg\" alt=\"\" class=\"wp-image-36770\" srcset=\"http:\/\/www.galerieartconcept.com\/wp-content\/uploads\/MB-catalogues-1-scaled.jpeg 1793w, http:\/\/www.galerieartconcept.com\/wp-content\/uploads\/MB-catalogues-1-210x300.jpeg 210w, http:\/\/www.galerieartconcept.com\/wp-content\/uploads\/MB-catalogues-1-717x1024.jpeg 717w, http:\/\/www.galerieartconcept.com\/wp-content\/uploads\/MB-catalogues-1-768x1097.jpeg 768w, http:\/\/www.galerieartconcept.com\/wp-content\/uploads\/MB-catalogues-1-1076x1536.jpeg 1076w, http:\/\/www.galerieartconcept.com\/wp-content\/uploads\/MB-catalogues-1-1434x2048.jpeg 1434w, http:\/\/www.galerieartconcept.com\/wp-content\/uploads\/MB-catalogues-1-1200x1713.jpeg 1200w, http:\/\/www.galerieartconcept.com\/wp-content\/uploads\/MB-catalogues-1-1980x2827.jpeg 1980w\" sizes=\"auto, (max-width: 1793px) 100vw, 1793px\" \/><figcaption class=\"wp-element-caption\">Michel Blazy : Animort, 2005<br>Edition La Mar\u00e9chalerie |centre d&rsquo;art contemporain | \u00c9NSA Versailles, France<\/figcaption><\/figure>\n\n\n\n<figure class=\"wp-block-image size-full\"><img loading=\"lazy\" decoding=\"async\" width=\"1045\" height=\"1474\" data-id=\"33488\" src=\"http:\/\/www.galerieartconcept.com\/wp-content\/uploads\/MB-cat-preparation-book.jpg\" alt=\"\" class=\"wp-image-33488\" srcset=\"http:\/\/www.galerieartconcept.com\/wp-content\/uploads\/MB-cat-preparation-book.jpg 1045w, http:\/\/www.galerieartconcept.com\/wp-content\/uploads\/MB-cat-preparation-book-213x300.jpg 213w, http:\/\/www.galerieartconcept.com\/wp-content\/uploads\/MB-cat-preparation-book-726x1024.jpg 726w, http:\/\/www.galerieartconcept.com\/wp-content\/uploads\/MB-cat-preparation-book-768x1083.jpg 768w\" sizes=\"auto, (max-width: 1045px) 100vw, 1045px\" \/><figcaption class=\"wp-element-caption\"><br>Michel Blazy\/Preparation book, 2003<br>[Exposition Michel Blazy: Le voyage fantastique<br>W\u00fcttembergischer Kunsteverein Stuttgart, 2003] 66 pages<br>ISBN : 3-930693-21-6<\/figcaption><\/figure>\n\n\n\n<figure class=\"wp-block-image size-full\"><img loading=\"lazy\" decoding=\"async\" width=\"354\" height=\"465\" data-id=\"30151\" src=\"http:\/\/www.galerieartconcept.com\/wp-content\/uploads\/MB-cat-2003-abattoirs.jpg\" alt=\"\" class=\"wp-image-30151\" srcset=\"http:\/\/www.galerieartconcept.com\/wp-content\/uploads\/MB-cat-2003-abattoirs.jpg 354w, http:\/\/www.galerieartconcept.com\/wp-content\/uploads\/MB-cat-2003-abattoirs-228x300.jpg 228w\" sizes=\"auto, (max-width: 354px) 100vw, 354px\" \/><figcaption class=\"wp-element-caption\"><br>Michel Blazy, 2003<br>Co\u00e9dition Cimaise et Le Portique, Albi, Les Abattoirs, Toulouse, CCAC Wattis Intitute, San Francisco, Galerie Art : Concept, Paris<br>ISBN : 978-2-9130420-4-9<\/figcaption><\/figure>\n\n\n\n<figure class=\"wp-block-image size-large\"><img loading=\"lazy\" decoding=\"async\" width=\"944\" height=\"896\" data-id=\"33725\" src=\"http:\/\/www.galerieartconcept.com\/wp-content\/uploads\/Carre-blanc-2.png\" alt=\"\" class=\"wp-image-33725\" srcset=\"http:\/\/www.galerieartconcept.com\/wp-content\/uploads\/Carre-blanc-2.png 944w, http:\/\/www.galerieartconcept.com\/wp-content\/uploads\/Carre-blanc-2-300x285.png 300w, http:\/\/www.galerieartconcept.com\/wp-content\/uploads\/Carre-blanc-2-768x729.png 768w\" sizes=\"auto, (max-width: 944px) 100vw, 944px\" \/><\/figure>\n\n\n\n<figure class=\"wp-block-image size-full\"><img loading=\"lazy\" decoding=\"async\" width=\"1794\" height=\"2560\" data-id=\"36768\" src=\"http:\/\/www.galerieartconcept.com\/wp-content\/uploads\/MB-catalogues-1-copie-scaled.jpeg\" alt=\"\" class=\"wp-image-36768\" srcset=\"http:\/\/www.galerieartconcept.com\/wp-content\/uploads\/MB-catalogues-1-copie-scaled.jpeg 1794w, http:\/\/www.galerieartconcept.com\/wp-content\/uploads\/MB-catalogues-1-copie-210x300.jpeg 210w, http:\/\/www.galerieartconcept.com\/wp-content\/uploads\/MB-catalogues-1-copie-718x1024.jpeg 718w, http:\/\/www.galerieartconcept.com\/wp-content\/uploads\/MB-catalogues-1-copie-768x1096.jpeg 768w, http:\/\/www.galerieartconcept.com\/wp-content\/uploads\/MB-catalogues-1-copie-1076x1536.jpeg 1076w, http:\/\/www.galerieartconcept.com\/wp-content\/uploads\/MB-catalogues-1-copie-1435x2048.jpeg 1435w, http:\/\/www.galerieartconcept.com\/wp-content\/uploads\/MB-catalogues-1-copie-1200x1712.jpeg 1200w, http:\/\/www.galerieartconcept.com\/wp-content\/uploads\/MB-catalogues-1-copie-1980x2825.jpeg 1980w\" sizes=\"auto, (max-width: 1794px) 100vw, 1794px\" \/><figcaption class=\"wp-element-caption\">Michel Blazy : Les Animaux, 2001<br>Editeur : Centre d&rsquo;art contemporain de Br\u00e9tigny-sur-Orge, France<br>13 x 9 cm ; 91 p.<\/figcaption><\/figure>\n\n\n\n<figure class=\"wp-block-image size-full\"><img loading=\"lazy\" decoding=\"async\" width=\"1816\" height=\"2560\" data-id=\"36766\" src=\"http:\/\/www.galerieartconcept.com\/wp-content\/uploads\/MB-catalogues-1-copie-2-scaled.jpeg\" alt=\"\" class=\"wp-image-36766\" srcset=\"http:\/\/www.galerieartconcept.com\/wp-content\/uploads\/MB-catalogues-1-copie-2-scaled.jpeg 1816w, http:\/\/www.galerieartconcept.com\/wp-content\/uploads\/MB-catalogues-1-copie-2-213x300.jpeg 213w, http:\/\/www.galerieartconcept.com\/wp-content\/uploads\/MB-catalogues-1-copie-2-726x1024.jpeg 726w, http:\/\/www.galerieartconcept.com\/wp-content\/uploads\/MB-catalogues-1-copie-2-768x1083.jpeg 768w, http:\/\/www.galerieartconcept.com\/wp-content\/uploads\/MB-catalogues-1-copie-2-1089x1536.jpeg 1089w, http:\/\/www.galerieartconcept.com\/wp-content\/uploads\/MB-catalogues-1-copie-2-1453x2048.jpeg 1453w, http:\/\/www.galerieartconcept.com\/wp-content\/uploads\/MB-catalogues-1-copie-2-1200x1692.jpeg 1200w, http:\/\/www.galerieartconcept.com\/wp-content\/uploads\/MB-catalogues-1-copie-2-1980x2791.jpeg 1980w\" sizes=\"auto, (max-width: 1816px) 100vw, 1816px\" \/><figcaption class=\"wp-element-caption\">Michel Blazy : Plantes Vertes, 1997<br>[Exposition, Br\u00e9tigny-sur-Orge, Centre d&rsquo;art de l&rsquo;espace Jules Verne, 22.2-19.4.1997]<br>Commissaire de l&rsquo;exposition : Xavier Franceschi<br>13 cm ; 91 pages<br>Br\u00e9tigny-sur-Orge : Centre d&rsquo;art contemporain<\/figcaption><\/figure>\n\n\n\n<figure class=\"wp-block-image size-full\"><img loading=\"lazy\" decoding=\"async\" width=\"1187\" height=\"2560\" data-id=\"36773\" src=\"http:\/\/www.galerieartconcept.com\/wp-content\/uploads\/MB-catalogues-2-scaled.jpeg\" alt=\"\" class=\"wp-image-36773\" srcset=\"http:\/\/www.galerieartconcept.com\/wp-content\/uploads\/MB-catalogues-2-scaled.jpeg 1187w, http:\/\/www.galerieartconcept.com\/wp-content\/uploads\/MB-catalogues-2-139x300.jpeg 139w, http:\/\/www.galerieartconcept.com\/wp-content\/uploads\/MB-catalogues-2-475x1024.jpeg 475w, http:\/\/www.galerieartconcept.com\/wp-content\/uploads\/MB-catalogues-2-768x1657.jpeg 768w, http:\/\/www.galerieartconcept.com\/wp-content\/uploads\/MB-catalogues-2-712x1536.jpeg 712w, http:\/\/www.galerieartconcept.com\/wp-content\/uploads\/MB-catalogues-2-949x2048.jpeg 949w, http:\/\/www.galerieartconcept.com\/wp-content\/uploads\/MB-catalogues-2-1200x2588.jpeg 1200w, http:\/\/www.galerieartconcept.com\/wp-content\/uploads\/MB-catalogues-2-1980x4271.jpeg 1980w\" sizes=\"auto, (max-width: 1187px) 100vw, 1187px\" \/><figcaption class=\"wp-element-caption\">Michel Blazy &#8211; Mauvaises herbes, Promenade en Avignon, 1995<br>Co\u00e9ditions LEGTA Cantarel-Avignon \/ ERAKLEA Apt<br>21 cm, 32 pages<br>ISBN : 978-2-907383-06-6<\/figcaption><\/figure>\n<\/figure>\n\n\n\n<p><\/p>\n","protected":false},"excerpt":{"rendered":"<p>Biographie N\u00e9 \u00e0 Monaco en 1966, Michel Blazy vit et travaille \u00e0 Saint-Denis (Ile-de-France\/FR). Depuis ses \u00e9tudes \u00e0 la Villa Arson dans les ann\u00e9es 1990, l\u2019artiste travaille sur l\u2019exploitation de la mati\u00e8re et du vivant. Privil\u00e9giant des mat\u00e9riaux humbles g\u00e9n\u00e9ralement issus de son quotidien, produits que l\u2019on peut trouver dans la cuisine (gobelets en plastique, [&hellip;]<\/p>\n","protected":false},"author":1,"featured_media":45103,"comment_status":"open","ping_status":"open","sticky":false,"template":"","format":"standard","meta":{"footnotes":""},"categories":[8],"tags":[111],"class_list":["post-4994","post","type-post","status-publish","format-standard","has-post-thumbnail","hentry","category-artistes","tag-michel-blazy-fr"],"_links":{"self":[{"href":"http:\/\/www.galerieartconcept.com\/fr\/wp-json\/wp\/v2\/posts\/4994","targetHints":{"allow":["GET"]}}],"collection":[{"href":"http:\/\/www.galerieartconcept.com\/fr\/wp-json\/wp\/v2\/posts"}],"about":[{"href":"http:\/\/www.galerieartconcept.com\/fr\/wp-json\/wp\/v2\/types\/post"}],"author":[{"embeddable":true,"href":"http:\/\/www.galerieartconcept.com\/fr\/wp-json\/wp\/v2\/users\/1"}],"replies":[{"embeddable":true,"href":"http:\/\/www.galerieartconcept.com\/fr\/wp-json\/wp\/v2\/comments?post=4994"}],"version-history":[{"count":124,"href":"http:\/\/www.galerieartconcept.com\/fr\/wp-json\/wp\/v2\/posts\/4994\/revisions"}],"predecessor-version":[{"id":44921,"href":"http:\/\/www.galerieartconcept.com\/fr\/wp-json\/wp\/v2\/posts\/4994\/revisions\/44921"}],"wp:featuredmedia":[{"embeddable":true,"href":"http:\/\/www.galerieartconcept.com\/fr\/wp-json\/wp\/v2\/media\/45103"}],"wp:attachment":[{"href":"http:\/\/www.galerieartconcept.com\/fr\/wp-json\/wp\/v2\/media?parent=4994"}],"wp:term":[{"taxonomy":"category","embeddable":true,"href":"http:\/\/www.galerieartconcept.com\/fr\/wp-json\/wp\/v2\/categories?post=4994"},{"taxonomy":"post_tag","embeddable":true,"href":"http:\/\/www.galerieartconcept.com\/fr\/wp-json\/wp\/v2\/tags?post=4994"}],"curies":[{"name":"wp","href":"https:\/\/api.w.org\/{rel}","templated":true}]}}