{"id":46749,"date":"2026-06-24T14:00:32","date_gmt":"2026-06-24T14:00:32","guid":{"rendered":"https:\/\/www.galerieartconcept.com\/?p=46749"},"modified":"2026-09-01T09:42:36","modified_gmt":"2026-09-01T09:42:36","slug":"pierre-olivier-arnaud-ctrl-ecole-nationale-superieure-de-la-photographie-arles-fr-6-juillet-4-octobre-2026","status":"publish","type":"post","link":"http:\/\/www.galerieartconcept.com\/fr\/pierre-olivier-arnaud-ctrl-ecole-nationale-superieure-de-la-photographie-arles-fr-6-juillet-4-octobre-2026\/","title":{"rendered":"Pierre-Olivier Arnaud, Ctrl., \u00c9cole Nationale Sup\u00e9rieure de la Photographie, Arles\/FR. 6 juillet &#8211; 4 octobre 2026"},"content":{"rendered":"\n<p>La photographie que vous regardez est un leurre.<\/p>\n\n\n\n<p>Au moment o\u00f9 vous l\u2019observez d\u2019autres personnes la regardent sans doute, sur d\u2019autres \u00e9crans, dans d\u2019autres pays, sous d\u2019autres formes. Elle sait que vous la regardez. Elle est analys\u00e9e par des machines, encod\u00e9e dans un algorithme qui l\u2019utilise pour d\u2019autres fins. D\u2019autres informations sont encrypt\u00e9es dans sa trame de pixels. Elle n\u2019est pas seule, elle est li\u00e9e aux autres images, elle sert \u00e0 en g\u00e9n\u00e9rer de nouvelles et leur totalit\u00e9 affecte notre perception de la r\u00e9alit\u00e9. La photographie s\u2019est affranchie de son r\u00f4le de repr\u00e9sentation, qui ne sert plus qu\u2019\u00e0 masquer le contr\u00f4le qu\u2019elle exerce sur notre regard.<\/p>\n\n\n\n<p>Ce qu\u2019elle repr\u00e9sente est d\u00e9sormais secondaire.<\/p>\n\n\n\n<p>Que faut-il faire de ces nouvelles images\u2009? L\u2019exposition Ctrl. r\u00e9unit des artistes et des \u0153uvres qui ne s\u2019int\u00e9ressent pas \u00e0 ce que les images montrent, mais \u00e0 comment elles le montrent. Tel un appareil photographique tomb\u00e9 au sol, cette exposition ne pr\u00e9sente pas des images, mais l\u2019int\u00e9rieur de l\u2019appareil, ses rouages, ses donn\u00e9es, sa m\u00e9canique. Il s\u2019agit de contempler l\u2019envers du d\u00e9cor o\u00f9 d\u00e9filent les images.<\/p>\n\n\n\n<p>Cette exposition est le fruit d\u2019un projet de recherche curatoriale men\u00e9 tout au long de l\u2019ann\u00e9e 2026 par un groupe d\u2019\u00e9tudiant\u00b7es de l\u2019\u00c9cole nationale sup\u00e9rieure de la photographie, sous la direction de l\u2019artiste\u2011enseignant-chercheur Nicolas Giraud.<\/p>\n\n\n\n<p>Inscrite dans le programme du Bicentenaire de la photographie, elle est un premier volet d\u2019une recherche qui explore, cette ann\u00e9e 2026, le futur de l\u2019\u00c9cole avant de revenir, dans un second volet en 2027, sur son histoire.<\/p>\n\n\n\n<p>Avec: Anne-Camille Allueva, Mariia Andreeva, Pierre-Olivier Arnaud, Fran\u00e7ois Bellabas, Douglas Coupland, Fig Docher, Dora Garcia, Paul Graham, Information Fiction Publicit\u00e9, Joyce Joumaa, Florence Jung, Gianni Motti, Prune Phi, Adrian Sauer, Simon Starling, Wolfgang Tillmans, Lawrence Weiner<\/p>\n\n\n\n<p>Conception artistique\u00a0et curatoriale : \u2009Nicolas Giraud, avec Ulysse Barry, Ludivine Chastang, El\u00e9a Godefroy, Demian Letinois, Adrien Limousin, C\u00e9lia Marion, Piero Markarian, Luka Perkins Petit, Marco Reghelin, Wenjie Tong<\/p>\n\n\n\n<p><a href=\"https:\/\/www.ensp-arles.fr\/evenements\/ctrl\/\">Plus d&rsquo;informations<\/a><\/p>\n","protected":false},"excerpt":{"rendered":"<p>La photographie que vous regardez est un leurre. Au moment o\u00f9 vous l\u2019observez d\u2019autres personnes la regardent sans doute, sur d\u2019autres \u00e9crans, dans d\u2019autres pays, sous d\u2019autres formes. Elle sait que vous la regardez. Elle est analys\u00e9e par des machines, encod\u00e9e dans un algorithme qui l\u2019utilise pour d\u2019autres fins. D\u2019autres informations sont encrypt\u00e9es dans sa [&hellip;]<\/p>\n","protected":false},"author":1,"featured_media":0,"comment_status":"open","ping_status":"open","sticky":false,"template":"","format":"standard","meta":{"footnotes":""},"categories":[9],"tags":[],"class_list":["post-46749","post","type-post","status-publish","format-standard","hentry","category-news-fr"],"_links":{"self":[{"href":"http:\/\/www.galerieartconcept.com\/fr\/wp-json\/wp\/v2\/posts\/46749","targetHints":{"allow":["GET"]}}],"collection":[{"href":"http:\/\/www.galerieartconcept.com\/fr\/wp-json\/wp\/v2\/posts"}],"about":[{"href":"http:\/\/www.galerieartconcept.com\/fr\/wp-json\/wp\/v2\/types\/post"}],"author":[{"embeddable":true,"href":"http:\/\/www.galerieartconcept.com\/fr\/wp-json\/wp\/v2\/users\/1"}],"replies":[{"embeddable":true,"href":"http:\/\/www.galerieartconcept.com\/fr\/wp-json\/wp\/v2\/comments?post=46749"}],"version-history":[{"count":2,"href":"http:\/\/www.galerieartconcept.com\/fr\/wp-json\/wp\/v2\/posts\/46749\/revisions"}],"predecessor-version":[{"id":46751,"href":"http:\/\/www.galerieartconcept.com\/fr\/wp-json\/wp\/v2\/posts\/46749\/revisions\/46751"}],"wp:attachment":[{"href":"http:\/\/www.galerieartconcept.com\/fr\/wp-json\/wp\/v2\/media?parent=46749"}],"wp:term":[{"taxonomy":"category","embeddable":true,"href":"http:\/\/www.galerieartconcept.com\/fr\/wp-json\/wp\/v2\/categories?post=46749"},{"taxonomy":"post_tag","embeddable":true,"href":"http:\/\/www.galerieartconcept.com\/fr\/wp-json\/wp\/v2\/tags?post=46749"}],"curies":[{"name":"wp","href":"https:\/\/api.w.org\/{rel}","templated":true}]}}