{"id":46736,"date":"2026-08-26T14:00:53","date_gmt":"2026-08-26T14:00:53","guid":{"rendered":"https:\/\/www.galerieartconcept.com\/?p=46736"},"modified":"2026-08-28T15:40:06","modified_gmt":"2026-08-28T15:40:06","slug":"nina-childress-stop-the-machine-mrac-occitanie-serignan-fr-26-septembre-2026-7-mars-2027","status":"publish","type":"post","link":"http:\/\/www.galerieartconcept.com\/fr\/nina-childress-stop-the-machine-mrac-occitanie-serignan-fr-26-septembre-2026-7-mars-2027\/","title":{"rendered":"Nina Childress, Stop The Machine, MRAC Occitanie, S\u00e9rignan\/FR. 26 septembre 2026 &#8211; 7 mars 2027"},"content":{"rendered":"\n<p>Exposition anniversaire des 20 ans du Mrac Occitanie<\/p>\n\n\n\n<p>Collections du Frac Occitanie Montpellier, du Frac Occitanie Toulouse \u2013 Les Abattoirs et du Mus\u00e9e r\u00e9gional d&rsquo;art contemporain Occitanie \u00e0 S\u00e9rignan.<\/p>\n\n\n\n<p>Curateur: Fabrice Bousteau<\/p>\n\n\n\n<p><a href=\"https:\/\/mrac.laregion.fr\/https-www-laregion-fr-Stop-The-Machine?mr=1\" data-type=\"link\" data-id=\"https:\/\/mrac.laregion.fr\/https-www-laregion-fr-Stop-The-Machine?mr=1\">Plus d&rsquo;informations<\/a><\/p>\n","protected":false},"excerpt":{"rendered":"<p>Exposition anniversaire des 20 ans du Mrac Occitanie Collections du Frac Occitanie Montpellier, du Frac Occitanie Toulouse \u2013 Les Abattoirs et du Mus\u00e9e r\u00e9gional d&rsquo;art contemporain Occitanie \u00e0 S\u00e9rignan. Curateur: Fabrice Bousteau Plus d&rsquo;informations<\/p>\n","protected":false},"author":1,"featured_media":0,"comment_status":"open","ping_status":"open","sticky":false,"template":"","format":"standard","meta":{"footnotes":""},"categories":[9],"tags":[],"class_list":["post-46736","post","type-post","status-publish","format-standard","hentry","category-news-fr"],"_links":{"self":[{"href":"http:\/\/www.galerieartconcept.com\/fr\/wp-json\/wp\/v2\/posts\/46736","targetHints":{"allow":["GET"]}}],"collection":[{"href":"http:\/\/www.galerieartconcept.com\/fr\/wp-json\/wp\/v2\/posts"}],"about":[{"href":"http:\/\/www.galerieartconcept.com\/fr\/wp-json\/wp\/v2\/types\/post"}],"author":[{"embeddable":true,"href":"http:\/\/www.galerieartconcept.com\/fr\/wp-json\/wp\/v2\/users\/1"}],"replies":[{"embeddable":true,"href":"http:\/\/www.galerieartconcept.com\/fr\/wp-json\/wp\/v2\/comments?post=46736"}],"version-history":[{"count":2,"href":"http:\/\/www.galerieartconcept.com\/fr\/wp-json\/wp\/v2\/posts\/46736\/revisions"}],"predecessor-version":[{"id":46738,"href":"http:\/\/www.galerieartconcept.com\/fr\/wp-json\/wp\/v2\/posts\/46736\/revisions\/46738"}],"wp:attachment":[{"href":"http:\/\/www.galerieartconcept.com\/fr\/wp-json\/wp\/v2\/media?parent=46736"}],"wp:term":[{"taxonomy":"category","embeddable":true,"href":"http:\/\/www.galerieartconcept.com\/fr\/wp-json\/wp\/v2\/categories?post=46736"},{"taxonomy":"post_tag","embeddable":true,"href":"http:\/\/www.galerieartconcept.com\/fr\/wp-json\/wp\/v2\/tags?post=46736"}],"curies":[{"name":"wp","href":"https:\/\/api.w.org\/{rel}","templated":true}]}}