{"id":46709,"date":"2026-06-10T09:15:17","date_gmt":"2026-06-10T09:15:17","guid":{"rendered":"https:\/\/www.galerieartconcept.com\/?p=46709"},"modified":"2026-08-28T09:20:52","modified_gmt":"2026-08-28T09:20:52","slug":"ulla-von-brandenburg-house-of-balagan-anniversary-10-years-of-the-philara-collection-sammlung-philara-dusseldorf-de-27-juin-2026-14-fevrier-2027","status":"publish","type":"post","link":"http:\/\/www.galerieartconcept.com\/fr\/ulla-von-brandenburg-house-of-balagan-anniversary-10-years-of-the-philara-collection-sammlung-philara-dusseldorf-de-27-juin-2026-14-fevrier-2027\/","title":{"rendered":"Ulla von Brandenburg, House of Balagan, Anniversary! 10 Years of the Philara Collection. Sammlung Philara, D\u00fcsseldorf\/DE. 27 juin 2026 &#8211; 14 f\u00e9vrier 2027"},"content":{"rendered":"\n<figure class=\"wp-block-image size-large\"><img loading=\"lazy\" decoding=\"async\" width=\"1024\" height=\"730\" src=\"http:\/\/www.galerieartconcept.com\/wp-content\/uploads\/Capture-decran-2026-08-28-a-10.54.30-1024x730.png\" alt=\"\" class=\"wp-image-46706\" srcset=\"http:\/\/www.galerieartconcept.com\/wp-content\/uploads\/Capture-decran-2026-08-28-a-10.54.30-1024x730.png 1024w, http:\/\/www.galerieartconcept.com\/wp-content\/uploads\/Capture-decran-2026-08-28-a-10.54.30-300x214.png 300w, http:\/\/www.galerieartconcept.com\/wp-content\/uploads\/Capture-decran-2026-08-28-a-10.54.30-768x548.png 768w, http:\/\/www.galerieartconcept.com\/wp-content\/uploads\/Capture-decran-2026-08-28-a-10.54.30.png 1094w\" sizes=\"auto, (max-width: 1024px) 100vw, 1024px\" \/><\/figure>\n\n\n\n<p class=\"has-small-font-size\">Ulla von Brandenburg, Sylvie Fleury &amp; Katharina Sieverding. House of Balagan. Vue d&rsquo;exposition Philara Collection, D\u00fcsseldorf. 2026 \u00a9 Philara Collection, D\u00fcsseldorf. Photo: Kai Werner Schmidt<\/p>\n\n\n\n<p>Pour c\u00e9l\u00e9brer son dixi\u00e8me anniversaire \u00e0 D\u00fcsseldorf-Flingern, la Philara Collection a le plaisir de pr\u00e9senter \u00ab HOUSE OF BALAGAN \u00bb, une vaste r\u00e9trospective de la collection qui ouvrira ses portes en juin 2026. L\u2019exposition, qui rassemble plus de 100 \u0153uvres r\u00e9alis\u00e9es par plus de 80 artistes, s\u2019\u00e9tendra de la spacieuse salle principale \u00e0 l\u2019ensemble des espaces d\u2019exposition de la Philara Collection.<\/p>\n\n\n\n<p>L&rsquo;exposition pr\u00e9sente une s\u00e9lection condens\u00e9e mais repr\u00e9sentative de la collection de Gil Bronner, qui compte aujourd&rsquo;hui environ 2 000 \u0153uvres. L&rsquo;exposition est compl\u00e9t\u00e9e par des \u0153uvres issues de la collection des parents de Bronner, qui ont jou\u00e9 un r\u00f4le d\u00e9terminant dans la passion de leur fils pour la collection. Des pi\u00e8ces provenant des collections de ses enfants, Philip et Lara, qui ont donn\u00e9 leur nom \u00e0 l&rsquo;espace d&rsquo;exposition, y sont \u00e9galement pr\u00e9sent\u00e9es.<\/p>\n\n\n\n<p><a href=\"https:\/\/www.philara.de\/en\/exhibitions\/2026-05\/anniversary-10-years-philara-collection\" data-type=\"link\" data-id=\"https:\/\/www.philara.de\/en\/exhibitions\/2026-05\/anniversary-10-years-philara-collection\">Plus d&rsquo;informations<\/a><\/p>\n","protected":false},"excerpt":{"rendered":"<p>Ulla von Brandenburg, Sylvie Fleury &amp; Katharina Sieverding. House of Balagan. Vue d&rsquo;exposition Philara Collection, D\u00fcsseldorf. 2026 \u00a9 Philara Collection, D\u00fcsseldorf. Photo: Kai Werner Schmidt Pour c\u00e9l\u00e9brer son dixi\u00e8me anniversaire \u00e0 D\u00fcsseldorf-Flingern, la Philara Collection a le plaisir de pr\u00e9senter \u00ab HOUSE OF BALAGAN \u00bb, une vaste r\u00e9trospective de la collection qui ouvrira ses portes [&hellip;]<\/p>\n","protected":false},"author":1,"featured_media":0,"comment_status":"open","ping_status":"open","sticky":false,"template":"","format":"standard","meta":{"footnotes":""},"categories":[9],"tags":[],"class_list":["post-46709","post","type-post","status-publish","format-standard","hentry","category-news-fr"],"_links":{"self":[{"href":"http:\/\/www.galerieartconcept.com\/fr\/wp-json\/wp\/v2\/posts\/46709","targetHints":{"allow":["GET"]}}],"collection":[{"href":"http:\/\/www.galerieartconcept.com\/fr\/wp-json\/wp\/v2\/posts"}],"about":[{"href":"http:\/\/www.galerieartconcept.com\/fr\/wp-json\/wp\/v2\/types\/post"}],"author":[{"embeddable":true,"href":"http:\/\/www.galerieartconcept.com\/fr\/wp-json\/wp\/v2\/users\/1"}],"replies":[{"embeddable":true,"href":"http:\/\/www.galerieartconcept.com\/fr\/wp-json\/wp\/v2\/comments?post=46709"}],"version-history":[{"count":4,"href":"http:\/\/www.galerieartconcept.com\/fr\/wp-json\/wp\/v2\/posts\/46709\/revisions"}],"predecessor-version":[{"id":46720,"href":"http:\/\/www.galerieartconcept.com\/fr\/wp-json\/wp\/v2\/posts\/46709\/revisions\/46720"}],"wp:attachment":[{"href":"http:\/\/www.galerieartconcept.com\/fr\/wp-json\/wp\/v2\/media?parent=46709"}],"wp:term":[{"taxonomy":"category","embeddable":true,"href":"http:\/\/www.galerieartconcept.com\/fr\/wp-json\/wp\/v2\/categories?post=46709"},{"taxonomy":"post_tag","embeddable":true,"href":"http:\/\/www.galerieartconcept.com\/fr\/wp-json\/wp\/v2\/tags?post=46709"}],"curies":[{"name":"wp","href":"https:\/\/api.w.org\/{rel}","templated":true}]}}