{"id":46690,"date":"2026-08-27T09:36:07","date_gmt":"2026-08-27T09:36:07","guid":{"rendered":"https:\/\/www.galerieartconcept.com\/?p=46690"},"modified":"2026-08-27T09:36:07","modified_gmt":"2026-08-27T09:36:07","slug":"tania-perez-cordova-bienal-de-yucatan-mexico-mx-26-novembre-2026-28-fevrier-2027","status":"publish","type":"post","link":"http:\/\/www.galerieartconcept.com\/fr\/tania-perez-cordova-bienal-de-yucatan-mexico-mx-26-novembre-2026-28-fevrier-2027\/","title":{"rendered":"Tania P\u00e9rez C\u00f3rdova, Bienal de Yucat\u00e1n, M\u00e9xico\/MX. 26 novembre 2026 &#8211; 28 f\u00e9vrier 2027"},"content":{"rendered":"\n<p><a href=\"https:\/\/bienaldeyucatan.com\/\" data-type=\"link\" data-id=\"https:\/\/bienaldeyucatan.com\/\">Plus d&rsquo;informations<\/a><\/p>\n","protected":false},"excerpt":{"rendered":"<p>Plus d&rsquo;informations<\/p>\n","protected":false},"author":1,"featured_media":0,"comment_status":"open","ping_status":"open","sticky":false,"template":"","format":"standard","meta":{"footnotes":""},"categories":[9],"tags":[],"class_list":["post-46690","post","type-post","status-publish","format-standard","hentry","category-news-fr"],"_links":{"self":[{"href":"http:\/\/www.galerieartconcept.com\/fr\/wp-json\/wp\/v2\/posts\/46690","targetHints":{"allow":["GET"]}}],"collection":[{"href":"http:\/\/www.galerieartconcept.com\/fr\/wp-json\/wp\/v2\/posts"}],"about":[{"href":"http:\/\/www.galerieartconcept.com\/fr\/wp-json\/wp\/v2\/types\/post"}],"author":[{"embeddable":true,"href":"http:\/\/www.galerieartconcept.com\/fr\/wp-json\/wp\/v2\/users\/1"}],"replies":[{"embeddable":true,"href":"http:\/\/www.galerieartconcept.com\/fr\/wp-json\/wp\/v2\/comments?post=46690"}],"version-history":[{"count":2,"href":"http:\/\/www.galerieartconcept.com\/fr\/wp-json\/wp\/v2\/posts\/46690\/revisions"}],"predecessor-version":[{"id":46692,"href":"http:\/\/www.galerieartconcept.com\/fr\/wp-json\/wp\/v2\/posts\/46690\/revisions\/46692"}],"wp:attachment":[{"href":"http:\/\/www.galerieartconcept.com\/fr\/wp-json\/wp\/v2\/media?parent=46690"}],"wp:term":[{"taxonomy":"category","embeddable":true,"href":"http:\/\/www.galerieartconcept.com\/fr\/wp-json\/wp\/v2\/categories?post=46690"},{"taxonomy":"post_tag","embeddable":true,"href":"http:\/\/www.galerieartconcept.com\/fr\/wp-json\/wp\/v2\/tags?post=46690"}],"curies":[{"name":"wp","href":"https:\/\/api.w.org\/{rel}","templated":true}]}}