{"id":325,"date":"2020-08-27T13:41:14","date_gmt":"2020-08-27T13:41:14","guid":{"rendered":"http:\/\/www.galerieartconcept.com\/new\/?p=325"},"modified":"2026-03-24T14:17:30","modified_gmt":"2026-03-24T14:17:30","slug":"whitney-bedford-2","status":"publish","type":"post","link":"http:\/\/www.galerieartconcept.com\/fr\/whitney-bedford-2\/","title":{"rendered":"Whitney Bedford"},"content":{"rendered":"\n<figure class=\"wp-block-gallery has-nested-images columns-2 wp-block-gallery-1 is-layout-flex wp-block-gallery-is-layout-flex\">\n<figure class=\"wp-block-image size-large\"><img loading=\"lazy\" decoding=\"async\" width=\"809\" height=\"1024\" data-id=\"34426\" src=\"http:\/\/www.galerieartconcept.com\/wp-content\/uploads\/Veduta-Derain-Three-Trees-copie-809x1024.jpg\" alt=\"\" class=\"wp-image-34426\" srcset=\"http:\/\/www.galerieartconcept.com\/wp-content\/uploads\/Veduta-Derain-Three-Trees-copie-809x1024.jpg 809w, http:\/\/www.galerieartconcept.com\/wp-content\/uploads\/Veduta-Derain-Three-Trees-copie-237x300.jpg 237w, http:\/\/www.galerieartconcept.com\/wp-content\/uploads\/Veduta-Derain-Three-Trees-copie-768x972.jpg 768w, http:\/\/www.galerieartconcept.com\/wp-content\/uploads\/Veduta-Derain-Three-Trees-copie-1214x1536.jpg 1214w, http:\/\/www.galerieartconcept.com\/wp-content\/uploads\/Veduta-Derain-Three-Trees-copie-1618x2048.jpg 1618w, http:\/\/www.galerieartconcept.com\/wp-content\/uploads\/Veduta-Derain-Three-Trees-copie-1200x1519.jpg 1200w, http:\/\/www.galerieartconcept.com\/wp-content\/uploads\/Veduta-Derain-Three-Trees-copie-1980x2506.jpg 1980w, http:\/\/www.galerieartconcept.com\/wp-content\/uploads\/Veduta-Derain-Three-Trees-copie-scaled.jpg 2023w\" sizes=\"auto, (max-width: 809px) 100vw, 809px\" \/><figcaption class=\"wp-element-caption\">Veduta (Three Trees, L\u2019Estaque), 2024, encre et huile sur lin sur panneau<br>100,3 \u00d7 78,7 \u00d7 5 cm (39 \u00bd \u00d7 31 \u00d7 2 inches). Photo Evan Bedford<\/figcaption><\/figure>\n\n\n\n<figure class=\"wp-block-image size-large\"><img loading=\"lazy\" decoding=\"async\" width=\"810\" height=\"1024\" data-id=\"33590\" src=\"http:\/\/www.galerieartconcept.com\/wp-content\/uploads\/Veduta-Monet-Giverny-810x1024.jpg\" alt=\"\" class=\"wp-image-33590\" srcset=\"http:\/\/www.galerieartconcept.com\/wp-content\/uploads\/Veduta-Monet-Giverny-810x1024.jpg 810w, http:\/\/www.galerieartconcept.com\/wp-content\/uploads\/Veduta-Monet-Giverny-237x300.jpg 237w, http:\/\/www.galerieartconcept.com\/wp-content\/uploads\/Veduta-Monet-Giverny-768x971.jpg 768w, http:\/\/www.galerieartconcept.com\/wp-content\/uploads\/Veduta-Monet-Giverny-1215x1536.jpg 1215w, http:\/\/www.galerieartconcept.com\/wp-content\/uploads\/Veduta-Monet-Giverny-1620x2048.jpg 1620w, http:\/\/www.galerieartconcept.com\/wp-content\/uploads\/Veduta-Monet-Giverny-1200x1517.jpg 1200w, http:\/\/www.galerieartconcept.com\/wp-content\/uploads\/Veduta-Monet-Giverny-1980x2504.jpg 1980w, http:\/\/www.galerieartconcept.com\/wp-content\/uploads\/Veduta-Monet-Giverny-scaled.jpg 2025w\" sizes=\"auto, (max-width: 810px) 100vw, 810px\" \/><figcaption class=\"wp-element-caption\">Veduta (Monet encre et huile sur bois, 2023, 91 \u00d7 81 \u00d7 5 cm (35 \u215e \u00d7 31 \u215e \u00d7 2 inches). Photo Evan Bedford<\/figcaption><\/figure>\n\n\n\n<figure class=\"wp-block-image size-large\"><img loading=\"lazy\" decoding=\"async\" width=\"802\" height=\"1024\" data-id=\"34391\" src=\"http:\/\/www.galerieartconcept.com\/wp-content\/uploads\/Veduta-Gleizes-Med-copie-4-802x1024.jpg\" alt=\"\" class=\"wp-image-34391\" srcset=\"http:\/\/www.galerieartconcept.com\/wp-content\/uploads\/Veduta-Gleizes-Med-copie-4-802x1024.jpg 802w, http:\/\/www.galerieartconcept.com\/wp-content\/uploads\/Veduta-Gleizes-Med-copie-4-235x300.jpg 235w, http:\/\/www.galerieartconcept.com\/wp-content\/uploads\/Veduta-Gleizes-Med-copie-4-768x980.jpg 768w, http:\/\/www.galerieartconcept.com\/wp-content\/uploads\/Veduta-Gleizes-Med-copie-4-1204x1536.jpg 1204w, http:\/\/www.galerieartconcept.com\/wp-content\/uploads\/Veduta-Gleizes-Med-copie-4-1605x2048.jpg 1605w, http:\/\/www.galerieartconcept.com\/wp-content\/uploads\/Veduta-Gleizes-Med-copie-4-1200x1532.jpg 1200w, http:\/\/www.galerieartconcept.com\/wp-content\/uploads\/Veduta-Gleizes-Med-copie-4-1980x2527.jpg 1980w, http:\/\/www.galerieartconcept.com\/wp-content\/uploads\/Veduta-Gleizes-Med-copie-4-scaled.jpg 2006w\" sizes=\"auto, (max-width: 802px) 100vw, 802px\" \/><figcaption class=\"wp-element-caption\">Veduta (Gleizes), 2023, encre et huile sur bois, 147,3 \u00d7 114,3 \u00d7 5 cm (58 \u00d7 45 \u00d7 2 inches). Photo Evan Bedford<\/figcaption><\/figure>\n\n\n\n<figure class=\"wp-block-image size-large\"><img loading=\"lazy\" decoding=\"async\" width=\"800\" height=\"1024\" data-id=\"34422\" src=\"http:\/\/www.galerieartconcept.com\/wp-content\/uploads\/WB4-800x1024.jpg\" alt=\"\" class=\"wp-image-34422\" srcset=\"http:\/\/www.galerieartconcept.com\/wp-content\/uploads\/WB4-800x1024.jpg 800w, http:\/\/www.galerieartconcept.com\/wp-content\/uploads\/WB4-234x300.jpg 234w, http:\/\/www.galerieartconcept.com\/wp-content\/uploads\/WB4-768x983.jpg 768w, http:\/\/www.galerieartconcept.com\/wp-content\/uploads\/WB4-1200x1536.jpg 1200w, http:\/\/www.galerieartconcept.com\/wp-content\/uploads\/WB4-1600x2048.jpg 1600w, http:\/\/www.galerieartconcept.com\/wp-content\/uploads\/WB4-1980x2534.jpg 1980w, http:\/\/www.galerieartconcept.com\/wp-content\/uploads\/WB4-scaled.jpg 2000w\" sizes=\"auto, (max-width: 800px) 100vw, 800px\" \/><figcaption class=\"wp-element-caption\">Veduta (Salvo Sera), 2022,encre et huile sur bois, 39,4 \u00d7 31 \u00bd inches (100,08 \u00d7 80,01 cm). Photo Evan Bedford<\/figcaption><\/figure>\n\n\n\n<figure class=\"wp-block-image size-large\"><img loading=\"lazy\" decoding=\"async\" width=\"1024\" height=\"683\" data-id=\"34312\" src=\"http:\/\/www.galerieartconcept.com\/wp-content\/uploads\/Veduta-Leger-copie-1024x683.jpg\" alt=\"\" class=\"wp-image-34312\" srcset=\"http:\/\/www.galerieartconcept.com\/wp-content\/uploads\/Veduta-Leger-copie-1024x683.jpg 1024w, http:\/\/www.galerieartconcept.com\/wp-content\/uploads\/Veduta-Leger-copie-300x200.jpg 300w, http:\/\/www.galerieartconcept.com\/wp-content\/uploads\/Veduta-Leger-copie-768x512.jpg 768w, http:\/\/www.galerieartconcept.com\/wp-content\/uploads\/Veduta-Leger-copie-1536x1024.jpg 1536w, http:\/\/www.galerieartconcept.com\/wp-content\/uploads\/Veduta-Leger-copie-2048x1365.jpg 2048w, http:\/\/www.galerieartconcept.com\/wp-content\/uploads\/Veduta-Leger-copie-1200x800.jpg 1200w, http:\/\/www.galerieartconcept.com\/wp-content\/uploads\/Veduta-Leger-copie-1980x1320.jpg 1980w\" sizes=\"auto, (max-width: 1024px) 100vw, 1024px\" \/><figcaption class=\"wp-element-caption\">Veduta (L\u00e9ger), encre et huile sur bois, 2022, 24 \u00d7 30 \u00d7 2 inches (60,96 \u00d7 76,20 \u00d7 5,08 cm). Photo Evan Bedford<\/figcaption><\/figure>\n\n\n\n<figure class=\"wp-block-image size-large\"><img loading=\"lazy\" decoding=\"async\" width=\"1024\" height=\"683\" data-id=\"34310\" src=\"http:\/\/www.galerieartconcept.com\/wp-content\/uploads\/Veduta-Van-Gogh-Flowers-copie-1024x683.jpg\" alt=\"\" class=\"wp-image-34310\" srcset=\"http:\/\/www.galerieartconcept.com\/wp-content\/uploads\/Veduta-Van-Gogh-Flowers-copie-1024x683.jpg 1024w, http:\/\/www.galerieartconcept.com\/wp-content\/uploads\/Veduta-Van-Gogh-Flowers-copie-300x200.jpg 300w, http:\/\/www.galerieartconcept.com\/wp-content\/uploads\/Veduta-Van-Gogh-Flowers-copie-768x512.jpg 768w, http:\/\/www.galerieartconcept.com\/wp-content\/uploads\/Veduta-Van-Gogh-Flowers-copie-1536x1024.jpg 1536w, http:\/\/www.galerieartconcept.com\/wp-content\/uploads\/Veduta-Van-Gogh-Flowers-copie-2048x1365.jpg 2048w, http:\/\/www.galerieartconcept.com\/wp-content\/uploads\/Veduta-Van-Gogh-Flowers-copie-1200x800.jpg 1200w, http:\/\/www.galerieartconcept.com\/wp-content\/uploads\/Veduta-Van-Gogh-Flowers-copie-1980x1320.jpg 1980w\" sizes=\"auto, (max-width: 1024px) 100vw, 1024px\" \/><figcaption class=\"wp-element-caption\">Whitney Bedford, Veduta (Van Gogh Flowers), 2022, encre et huile sur bois, 32 \u00bd \u00d7 40,1 \u00d7 2 inches (82,55 \u00d7 101,85 \u00d7 5,08 cm). Photo Evan Bedford<\/figcaption><\/figure>\n\n\n\n<figure class=\"wp-block-image size-large\"><img loading=\"lazy\" decoding=\"async\" width=\"1024\" height=\"683\" data-id=\"33592\" src=\"http:\/\/www.galerieartconcept.com\/wp-content\/uploads\/Veduta-Seewald-Med-1024x683.jpg\" alt=\"\" class=\"wp-image-33592\" srcset=\"http:\/\/www.galerieartconcept.com\/wp-content\/uploads\/Veduta-Seewald-Med-1024x683.jpg 1024w, http:\/\/www.galerieartconcept.com\/wp-content\/uploads\/Veduta-Seewald-Med-300x200.jpg 300w, http:\/\/www.galerieartconcept.com\/wp-content\/uploads\/Veduta-Seewald-Med-768x512.jpg 768w, http:\/\/www.galerieartconcept.com\/wp-content\/uploads\/Veduta-Seewald-Med-1536x1024.jpg 1536w, http:\/\/www.galerieartconcept.com\/wp-content\/uploads\/Veduta-Seewald-Med-2048x1365.jpg 2048w, http:\/\/www.galerieartconcept.com\/wp-content\/uploads\/Veduta-Seewald-Med-1200x800.jpg 1200w, http:\/\/www.galerieartconcept.com\/wp-content\/uploads\/Veduta-Seewald-Med-1980x1320.jpg 1980w\" sizes=\"auto, (max-width: 1024px) 100vw, 1024px\" \/><figcaption class=\"wp-element-caption\">Veduta (Seewald), 2023, encre et huile sur bois, 60,9 \u00d7 76,2 \u00d7 5 cm (24 \u00d7 30 \u00d7 2 inches). Photo Evan Bedford<\/figcaption><\/figure>\n\n\n\n<figure class=\"wp-block-image size-large\"><img loading=\"lazy\" decoding=\"async\" width=\"1024\" height=\"683\" data-id=\"26425\" src=\"http:\/\/www.galerieartconcept.com\/wp-content\/uploads\/WB-2022-expo-0-1024x683.jpg\" alt=\"\" class=\"wp-image-26425\" srcset=\"http:\/\/www.galerieartconcept.com\/wp-content\/uploads\/WB-2022-expo-0-1024x683.jpg 1024w, http:\/\/www.galerieartconcept.com\/wp-content\/uploads\/WB-2022-expo-0-300x200.jpg 300w, http:\/\/www.galerieartconcept.com\/wp-content\/uploads\/WB-2022-expo-0-768x512.jpg 768w, http:\/\/www.galerieartconcept.com\/wp-content\/uploads\/WB-2022-expo-0-1536x1024.jpg 1536w, http:\/\/www.galerieartconcept.com\/wp-content\/uploads\/WB-2022-expo-0-2048x1365.jpg 2048w, http:\/\/www.galerieartconcept.com\/wp-content\/uploads\/WB-2022-expo-0-1200x800.jpg 1200w, http:\/\/www.galerieartconcept.com\/wp-content\/uploads\/WB-2022-expo-0-1980x1320.jpg 1980w\" sizes=\"auto, (max-width: 1024px) 100vw, 1024px\" \/><figcaption class=\"wp-element-caption\">Vue d&rsquo;exposition \/ Installation view Whitney Bedford, Vedute, Art : Concept, Paris, 2022. Photo Nicolas Brasseur<\/figcaption><\/figure>\n\n\n\n<figure class=\"wp-block-image size-large\"><img loading=\"lazy\" decoding=\"async\" width=\"1024\" height=\"724\" data-id=\"34433\" src=\"http:\/\/www.galerieartconcept.com\/wp-content\/uploads\/WB6-1024x724.jpg\" alt=\"\" class=\"wp-image-34433\" srcset=\"http:\/\/www.galerieartconcept.com\/wp-content\/uploads\/WB6-1024x724.jpg 1024w, http:\/\/www.galerieartconcept.com\/wp-content\/uploads\/WB6-300x212.jpg 300w, http:\/\/www.galerieartconcept.com\/wp-content\/uploads\/WB6-768x543.jpg 768w, http:\/\/www.galerieartconcept.com\/wp-content\/uploads\/WB6-1536x1086.jpg 1536w, http:\/\/www.galerieartconcept.com\/wp-content\/uploads\/WB6-2048x1448.jpg 2048w, http:\/\/www.galerieartconcept.com\/wp-content\/uploads\/WB6-1200x848.jpg 1200w, http:\/\/www.galerieartconcept.com\/wp-content\/uploads\/WB6-1980x1400.jpg 1980w\" sizes=\"auto, (max-width: 1024px) 100vw, 1024px\" \/><figcaption class=\"wp-element-caption\">Veduta (Gainsborough), 2020<br>encre et huile sur bois<br>45,72 x 60,96 x 5,08 cm. Photo Evan Bedford<\/figcaption><\/figure>\n\n\n\n<figure class=\"wp-block-image size-large\"><img loading=\"lazy\" decoding=\"async\" width=\"1024\" height=\"724\" data-id=\"34430\" src=\"http:\/\/www.galerieartconcept.com\/wp-content\/uploads\/WB5-1024x724.jpg\" alt=\"\" class=\"wp-image-34430\" srcset=\"http:\/\/www.galerieartconcept.com\/wp-content\/uploads\/WB5-1024x724.jpg 1024w, http:\/\/www.galerieartconcept.com\/wp-content\/uploads\/WB5-300x212.jpg 300w, http:\/\/www.galerieartconcept.com\/wp-content\/uploads\/WB5-768x543.jpg 768w, http:\/\/www.galerieartconcept.com\/wp-content\/uploads\/WB5-1536x1086.jpg 1536w, http:\/\/www.galerieartconcept.com\/wp-content\/uploads\/WB5-2048x1448.jpg 2048w, http:\/\/www.galerieartconcept.com\/wp-content\/uploads\/WB5-1200x848.jpg 1200w, http:\/\/www.galerieartconcept.com\/wp-content\/uploads\/WB5-1980x1400.jpg 1980w\" sizes=\"auto, (max-width: 1024px) 100vw, 1024px\" \/><figcaption class=\"wp-element-caption\">The Good do Bad, 2017<br>encre et huile sur bois<br>71,12 x 93,98 x 3,81 cm. Photo Evan Bedford<\/figcaption><\/figure>\n\n\n\n<figure class=\"wp-block-image size-large\"><img loading=\"lazy\" decoding=\"async\" width=\"1024\" height=\"683\" data-id=\"33612\" src=\"http:\/\/www.galerieartconcept.com\/wp-content\/uploads\/EWB327-Cactus-Trash-and-Treasure-1024x683.jpg\" alt=\"\" class=\"wp-image-33612\" srcset=\"http:\/\/www.galerieartconcept.com\/wp-content\/uploads\/EWB327-Cactus-Trash-and-Treasure-1024x683.jpg 1024w, http:\/\/www.galerieartconcept.com\/wp-content\/uploads\/EWB327-Cactus-Trash-and-Treasure-300x200.jpg 300w, http:\/\/www.galerieartconcept.com\/wp-content\/uploads\/EWB327-Cactus-Trash-and-Treasure-768x512.jpg 768w, http:\/\/www.galerieartconcept.com\/wp-content\/uploads\/EWB327-Cactus-Trash-and-Treasure-1536x1024.jpg 1536w, http:\/\/www.galerieartconcept.com\/wp-content\/uploads\/EWB327-Cactus-Trash-and-Treasure-2048x1365.jpg 2048w, http:\/\/www.galerieartconcept.com\/wp-content\/uploads\/EWB327-Cactus-Trash-and-Treasure-1200x800.jpg 1200w, http:\/\/www.galerieartconcept.com\/wp-content\/uploads\/EWB327-Cactus-Trash-and-Treasure-1980x1320.jpg 1980w\" sizes=\"auto, (max-width: 1024px) 100vw, 1024px\" \/><figcaption class=\"wp-element-caption\">Cactus Trash and Treasure, 2016, encre et huile sur bois, 91,44 \u00d7 121,92 \u00d7 5 cm (36 \u00d7 48 \u00d7 2 inches)<\/figcaption><\/figure>\n\n\n\n<figure class=\"wp-block-image size-large\"><img loading=\"lazy\" decoding=\"async\" width=\"1024\" height=\"683\" data-id=\"34511\" src=\"http:\/\/www.galerieartconcept.com\/wp-content\/uploads\/EWB326-The-Soft-Day-1024x683.jpg\" alt=\"\" class=\"wp-image-34511\" srcset=\"http:\/\/www.galerieartconcept.com\/wp-content\/uploads\/EWB326-The-Soft-Day-1024x683.jpg 1024w, http:\/\/www.galerieartconcept.com\/wp-content\/uploads\/EWB326-The-Soft-Day-300x200.jpg 300w, http:\/\/www.galerieartconcept.com\/wp-content\/uploads\/EWB326-The-Soft-Day-768x513.jpg 768w, http:\/\/www.galerieartconcept.com\/wp-content\/uploads\/EWB326-The-Soft-Day-1536x1025.jpg 1536w, http:\/\/www.galerieartconcept.com\/wp-content\/uploads\/EWB326-The-Soft-Day-2048x1367.jpg 2048w, http:\/\/www.galerieartconcept.com\/wp-content\/uploads\/EWB326-The-Soft-Day-1200x801.jpg 1200w, http:\/\/www.galerieartconcept.com\/wp-content\/uploads\/EWB326-The-Soft-Day-1980x1322.jpg 1980w\" sizes=\"auto, (max-width: 1024px) 100vw, 1024px\" \/><figcaption class=\"wp-element-caption\">The Soft Day, 2016. Ink and oil on panel, 36 x 62 in. Private collection<\/figcaption><\/figure>\n\n\n\n<figure class=\"wp-block-image size-large\"><img loading=\"lazy\" decoding=\"async\" width=\"1024\" height=\"724\" data-id=\"34439\" src=\"http:\/\/www.galerieartconcept.com\/wp-content\/uploads\/WB9-1024x724.jpg\" alt=\"\" class=\"wp-image-34439\" srcset=\"http:\/\/www.galerieartconcept.com\/wp-content\/uploads\/WB9-1024x724.jpg 1024w, http:\/\/www.galerieartconcept.com\/wp-content\/uploads\/WB9-300x212.jpg 300w, http:\/\/www.galerieartconcept.com\/wp-content\/uploads\/WB9-768x543.jpg 768w, http:\/\/www.galerieartconcept.com\/wp-content\/uploads\/WB9-1536x1086.jpg 1536w, http:\/\/www.galerieartconcept.com\/wp-content\/uploads\/WB9-2048x1448.jpg 2048w, http:\/\/www.galerieartconcept.com\/wp-content\/uploads\/WB9-1200x848.jpg 1200w, http:\/\/www.galerieartconcept.com\/wp-content\/uploads\/WB9-1980x1400.jpg 1980w\" sizes=\"auto, (max-width: 1024px) 100vw, 1024px\" \/><figcaption class=\"wp-element-caption\">The Light Night, 2016. Ink and oil on panel, 36 x 62 in. Private collection<\/figcaption><\/figure>\n\n\n\n<figure class=\"wp-block-image size-large\"><img loading=\"lazy\" decoding=\"async\" width=\"1024\" height=\"724\" data-id=\"34437\" src=\"http:\/\/www.galerieartconcept.com\/wp-content\/uploads\/WB7-1024x724.jpg\" alt=\"\" class=\"wp-image-34437\" srcset=\"http:\/\/www.galerieartconcept.com\/wp-content\/uploads\/WB7-1024x724.jpg 1024w, http:\/\/www.galerieartconcept.com\/wp-content\/uploads\/WB7-300x212.jpg 300w, http:\/\/www.galerieartconcept.com\/wp-content\/uploads\/WB7-768x543.jpg 768w, http:\/\/www.galerieartconcept.com\/wp-content\/uploads\/WB7-1536x1086.jpg 1536w, http:\/\/www.galerieartconcept.com\/wp-content\/uploads\/WB7-2048x1448.jpg 2048w, http:\/\/www.galerieartconcept.com\/wp-content\/uploads\/WB7-1200x848.jpg 1200w, http:\/\/www.galerieartconcept.com\/wp-content\/uploads\/WB7-1980x1400.jpg 1980w\" sizes=\"auto, (max-width: 1024px) 100vw, 1024px\" \/><figcaption class=\"wp-element-caption\">Vue d\u2019exposition,West of Eden, Susanne Vielmetter Los Angeles Projects, Los Angeles, 2015. Photo: Robert Wedemeyer.<\/figcaption><\/figure>\n\n\n\n<figure class=\"wp-block-image size-large\"><img loading=\"lazy\" decoding=\"async\" width=\"724\" height=\"1024\" data-id=\"34491\" src=\"http:\/\/www.galerieartconcept.com\/wp-content\/uploads\/WB10-1-724x1024.jpg\" alt=\"\" class=\"wp-image-34491\" srcset=\"http:\/\/www.galerieartconcept.com\/wp-content\/uploads\/WB10-1-724x1024.jpg 724w, http:\/\/www.galerieartconcept.com\/wp-content\/uploads\/WB10-1-212x300.jpg 212w, http:\/\/www.galerieartconcept.com\/wp-content\/uploads\/WB10-1-768x1086.jpg 768w, http:\/\/www.galerieartconcept.com\/wp-content\/uploads\/WB10-1-1086x1536.jpg 1086w, http:\/\/www.galerieartconcept.com\/wp-content\/uploads\/WB10-1-1448x2048.jpg 1448w, http:\/\/www.galerieartconcept.com\/wp-content\/uploads\/WB10-1-1200x1697.jpg 1200w, http:\/\/www.galerieartconcept.com\/wp-content\/uploads\/WB10-1-1980x2800.jpg 1980w, http:\/\/www.galerieartconcept.com\/wp-content\/uploads\/WB10-1-scaled.jpg 1810w\" sizes=\"auto, (max-width: 724px) 100vw, 724px\" \/><figcaption class=\"wp-element-caption\">Jane Fonda, 2020<br>Graphite sur papier Arches press\u00e9 \u00e0 chaud<br>76,2 x 55,88 cm <\/figcaption><\/figure>\n\n\n\n<figure class=\"wp-block-image size-large\"><img loading=\"lazy\" decoding=\"async\" width=\"724\" height=\"1024\" data-id=\"34493\" src=\"http:\/\/www.galerieartconcept.com\/wp-content\/uploads\/WB11-1-724x1024.jpg\" alt=\"\" class=\"wp-image-34493\" srcset=\"http:\/\/www.galerieartconcept.com\/wp-content\/uploads\/WB11-1-724x1024.jpg 724w, http:\/\/www.galerieartconcept.com\/wp-content\/uploads\/WB11-1-212x300.jpg 212w, http:\/\/www.galerieartconcept.com\/wp-content\/uploads\/WB11-1-768x1086.jpg 768w, http:\/\/www.galerieartconcept.com\/wp-content\/uploads\/WB11-1-1086x1536.jpg 1086w, http:\/\/www.galerieartconcept.com\/wp-content\/uploads\/WB11-1-1448x2048.jpg 1448w, http:\/\/www.galerieartconcept.com\/wp-content\/uploads\/WB11-1-1200x1697.jpg 1200w, http:\/\/www.galerieartconcept.com\/wp-content\/uploads\/WB11-1-1980x2800.jpg 1980w, http:\/\/www.galerieartconcept.com\/wp-content\/uploads\/WB11-1-scaled.jpg 1810w\" sizes=\"auto, (max-width: 724px) 100vw, 724px\" \/><figcaption class=\"wp-element-caption\">Simone de Beauvoir, 2020<br>Graphite sur papier Arches press\u00e9 \u00e0 chaud<br>76,2 \u00d7 55,88 cm (30 \u00d7 22 inches)<\/figcaption><\/figure>\n\n\n\n<figure class=\"wp-block-image size-large\"><img loading=\"lazy\" decoding=\"async\" width=\"1024\" height=\"724\" data-id=\"34469\" src=\"http:\/\/www.galerieartconcept.com\/wp-content\/uploads\/WB12-1024x724.jpg\" alt=\"\" class=\"wp-image-34469\" srcset=\"http:\/\/www.galerieartconcept.com\/wp-content\/uploads\/WB12-1024x724.jpg 1024w, http:\/\/www.galerieartconcept.com\/wp-content\/uploads\/WB12-300x212.jpg 300w, http:\/\/www.galerieartconcept.com\/wp-content\/uploads\/WB12-768x543.jpg 768w, http:\/\/www.galerieartconcept.com\/wp-content\/uploads\/WB12-1536x1086.jpg 1536w, http:\/\/www.galerieartconcept.com\/wp-content\/uploads\/WB12-2048x1448.jpg 2048w, http:\/\/www.galerieartconcept.com\/wp-content\/uploads\/WB12-1200x848.jpg 1200w, http:\/\/www.galerieartconcept.com\/wp-content\/uploads\/WB12-1980x1400.jpg 1980w\" sizes=\"auto, (max-width: 1024px) 100vw, 1024px\" \/><figcaption class=\"wp-element-caption\">Book (Avery), 2012<br>encre et huile sur bois<br>45,72 x 55,88 cm <\/figcaption><\/figure>\n\n\n\n<figure class=\"wp-block-image size-large\"><img loading=\"lazy\" decoding=\"async\" width=\"1024\" height=\"724\" data-id=\"34476\" src=\"http:\/\/www.galerieartconcept.com\/wp-content\/uploads\/WB13-2-1024x724.jpg\" alt=\"\" class=\"wp-image-34476\" srcset=\"http:\/\/www.galerieartconcept.com\/wp-content\/uploads\/WB13-2-1024x724.jpg 1024w, http:\/\/www.galerieartconcept.com\/wp-content\/uploads\/WB13-2-300x212.jpg 300w, http:\/\/www.galerieartconcept.com\/wp-content\/uploads\/WB13-2-768x543.jpg 768w, http:\/\/www.galerieartconcept.com\/wp-content\/uploads\/WB13-2-1536x1086.jpg 1536w, http:\/\/www.galerieartconcept.com\/wp-content\/uploads\/WB13-2-2048x1448.jpg 2048w, http:\/\/www.galerieartconcept.com\/wp-content\/uploads\/WB13-2-1200x848.jpg 1200w, http:\/\/www.galerieartconcept.com\/wp-content\/uploads\/WB13-2-1980x1400.jpg 1980w\" sizes=\"auto, (max-width: 1024px) 100vw, 1024px\" \/><figcaption class=\"wp-element-caption\">Book (Guston), 2012, encre et huile sur bois, 45,72 \u00d7 55,88 cm (18 \u00d7 22 inches)<\/figcaption><\/figure>\n\n\n\n<figure class=\"wp-block-image size-large\"><img loading=\"lazy\" decoding=\"async\" width=\"1024\" height=\"724\" data-id=\"34481\" src=\"http:\/\/www.galerieartconcept.com\/wp-content\/uploads\/WB14-1024x724.jpg\" alt=\"\" class=\"wp-image-34481\" srcset=\"http:\/\/www.galerieartconcept.com\/wp-content\/uploads\/WB14-1024x724.jpg 1024w, http:\/\/www.galerieartconcept.com\/wp-content\/uploads\/WB14-300x212.jpg 300w, http:\/\/www.galerieartconcept.com\/wp-content\/uploads\/WB14-768x543.jpg 768w, http:\/\/www.galerieartconcept.com\/wp-content\/uploads\/WB14-1536x1086.jpg 1536w, http:\/\/www.galerieartconcept.com\/wp-content\/uploads\/WB14-2048x1448.jpg 2048w, http:\/\/www.galerieartconcept.com\/wp-content\/uploads\/WB14-1200x848.jpg 1200w, http:\/\/www.galerieartconcept.com\/wp-content\/uploads\/WB14-1980x1400.jpg 1980w\" sizes=\"auto, (max-width: 1024px) 100vw, 1024px\" \/><figcaption class=\"wp-element-caption\">Diabolique, 2017<br>encre et huile sur bois<br>76,2 x 106,68 x 4,45 cm, collection priv\u00e9e<\/figcaption><\/figure>\n\n\n\n<figure class=\"wp-block-image size-large\"><img loading=\"lazy\" decoding=\"async\" width=\"1024\" height=\"724\" data-id=\"34479\" src=\"http:\/\/www.galerieartconcept.com\/wp-content\/uploads\/WB15-1024x724.jpg\" alt=\"\" class=\"wp-image-34479\" srcset=\"http:\/\/www.galerieartconcept.com\/wp-content\/uploads\/WB15-1024x724.jpg 1024w, http:\/\/www.galerieartconcept.com\/wp-content\/uploads\/WB15-300x212.jpg 300w, http:\/\/www.galerieartconcept.com\/wp-content\/uploads\/WB15-768x543.jpg 768w, http:\/\/www.galerieartconcept.com\/wp-content\/uploads\/WB15-1536x1086.jpg 1536w, http:\/\/www.galerieartconcept.com\/wp-content\/uploads\/WB15-2048x1448.jpg 2048w, http:\/\/www.galerieartconcept.com\/wp-content\/uploads\/WB15-1200x848.jpg 1200w, http:\/\/www.galerieartconcept.com\/wp-content\/uploads\/WB15-1980x1400.jpg 1980w\" sizes=\"auto, (max-width: 1024px) 100vw, 1024px\" \/><figcaption class=\"wp-element-caption\">(Untitled) Anthem, 2008, ink and oil on panel, 78,5 \u00d7 124,5 cm (30 \u215e \u00d7 49 inches)<\/figcaption><\/figure>\n\n\n\n<figure class=\"wp-block-image size-large\"><img loading=\"lazy\" decoding=\"async\" width=\"1024\" height=\"724\" data-id=\"34484\" src=\"http:\/\/www.galerieartconcept.com\/wp-content\/uploads\/WB16-1024x724.jpg\" alt=\"\" class=\"wp-image-34484\" srcset=\"http:\/\/www.galerieartconcept.com\/wp-content\/uploads\/WB16-1024x724.jpg 1024w, http:\/\/www.galerieartconcept.com\/wp-content\/uploads\/WB16-300x212.jpg 300w, http:\/\/www.galerieartconcept.com\/wp-content\/uploads\/WB16-768x543.jpg 768w, http:\/\/www.galerieartconcept.com\/wp-content\/uploads\/WB16-1536x1086.jpg 1536w, http:\/\/www.galerieartconcept.com\/wp-content\/uploads\/WB16-2048x1448.jpg 2048w, http:\/\/www.galerieartconcept.com\/wp-content\/uploads\/WB16-1200x848.jpg 1200w, http:\/\/www.galerieartconcept.com\/wp-content\/uploads\/WB16-1980x1400.jpg 1980w\" sizes=\"auto, (max-width: 1024px) 100vw, 1024px\" \/><figcaption class=\"wp-element-caption\">Untitled (Minha Luta Tropical), 2006<br>encre et huile sur bois,<br>56 x 66 cm<\/figcaption><\/figure>\n\n\n\n<figure class=\"wp-block-image size-full\"><img decoding=\"async\" data-id=\"34486\" src=\"http:\/\/www.galerieartconcept.com\/wp-content\/uploads\/WB17.jpg\" alt=\"\" class=\"wp-image-34486\"\/><figcaption class=\"wp-element-caption\">Untitled (The Longest Time), 2006<br>encre et huile sur bois,<br>79 x 124 cm<\/figcaption><\/figure>\n<\/figure>\n\n\n\n<h4 class=\"wp-block-heading\">Biographie<\/h4>\n\n\n\n<p>N\u00e9e \u00e0 Baltimore en 1976, Whitney Bedford vit et travaille \u00e0 Los Angeles. <\/p>\n\n\n\n<p>\u00ab\u00a0La derni\u00e8re s\u00e9rie de l\u2019artiste r\u00e9unit ce qu\u2019elle appelle des Vedute, un ensemble de peintures de paysages inspir\u00e9es de tableaux de ma\u00eetres de la fin du dix-neuvi\u00e8me si\u00e8cle et du d\u00e9but du vingti\u00e8me si\u00e8cle \u2013 de Degas \u00e0 S\u00e9rusier, Klimt ou Van Gogh. Comme pour ses peintures de naufrages, d\u2019icebergs ou de for\u00eats tropicales, l\u2019artiste californienne se r\u00e9approprie cet h\u00e9ritage historique et s\u2019en sert de r\u00e9f\u00e9rences pour ses paysages autobiographiques, all\u00e9gories contemporaines d\u2019exp\u00e9riences sociales et environnementales.\u00a0\u00bb *<\/p>\n\n\n\n<p>Ces derni\u00e8res \u0153uvres sont aussi le fruit d\u2019un nouveau processus de travail. Dans les peintures plus anciennes, le dessin \u00e9tait utilis\u00e9 pour cr\u00e9er une architecture du geste. D\u00e9sormais, bien que le dessin soit toujours \u00e0 l\u2019origine de ses peintures d\u2019un point de vue technique, elle invente un processus minutieux de masquage et de d\u00e9-masquage qui met les fleurs dessin\u00e9es au premier plan. Les sc\u00e8nes pastorales, repouss\u00e9es derri\u00e8re ou \u00e0 l\u2019ext\u00e9rieur de l\u2019espace du dessin, semblent plus lointaines. La distance ainsi cr\u00e9\u00e9e entre la peinture et le dessin souligne la recherche d\u2019archives de l\u2019artiste et la s\u00e9lection rigoureuse d\u2019images qui semblent appartenir \u00e0 un monde perdu ou en voie de disparition.<\/p>\n\n\n\n<p>En parall\u00e8le de sa pratique picturale, elle poursuit depuis 2020 un travail encyclop\u00e9dique qui consiste \u00e0 dessiner quotidiennement une figure f\u00e9minine, choisie pour son engagement pour un monde meilleur. Ce geste r\u00e9p\u00e9t\u00e9 inlassablement est un signe de solidarit\u00e9 et de soutien sans rel\u00e2che envers celles qui \u00e9l\u00e8vent la voix. Elle consid\u00e8re ces portraits, syst\u00e9matiquement publi\u00e9s sur Instagram, comme des images votives, dont une partie des b\u00e9n\u00e9fices ira en don au comit\u00e9 d\u2019action Emily\u2019s List qui aide \u00e0 \u00e9lire des candidates d\u00e9mocrates progressistes antiracistes.<\/p>\n\n\n\n<p>* Extrait du communiqu\u00e9 de presse de sa derni\u00e8re exposition Vedute, Art : Concept, 2022.<\/p>\n\n\n\n<p>Son \u0153uvre est pr\u00e9sente dans de nombreuses collections fran\u00e7aises et internationales, telles que : Eric Decelle, Bruxelles, Belgique ; Francois Pinault Collection, Paris, France; Ginette Moulin and Guillaume Houz\u00e9 Contemporary Art Collection, Paris, France ; Hammer Museum, Hammer Contemporary Collection, Los Angeles, Am\u00e9rique ; Jumex Collection, Mexico City, Mexique ; Rosa and Carlos de la Cruz, Miami, Am\u00e9rique ; and The Saatchi Gallery, Londres, Royaume-Uni. Prix : UCLA Hammer Museum Drawing Biennal, Los Angeles (2001) ; Peggy Guggenheim Studentship, Venice (1997).<\/p>\n\n\n\n<p>Ces derni\u00e8res ann\u00e9es, plusieurs expositions personnelles lui ont \u00e9t\u00e9 consacr\u00e9es, notamment \u00e0 Vielmetter, Los Angeles (2020, 2021 et 2023) ; Miles McEnery Gallery, New York (2021); Carrie Secrist Gallery, Chicago (2018) ; Saatchi Gallery, Londres (2018) ; Starkwhite, Auckland (2016) ; Taymour Grahne, New York (2015) ; Vielmetter, Los Angeles (2011), Houdini: Art and Magic, Jewish Museum, New York (2010).<\/p>\n\n\n\n<h4 class=\"wp-block-heading\">A la galerie<\/h4>\n\n\n\n<ul class=\"wp-block-list\">\n<li><a href=\"http:\/\/www.galerieartconcept.com\/fr\/whitney-bedford-vedute\/\" data-type=\"URL\" data-id=\"http:\/\/www.galerieartconcept.com\/fr\/whitney-bedford-vedute\/\">Vedute, 2022<\/a><\/li>\n\n\n\n<li><a href=\"http:\/\/www.galerieartconcept.com\/new\/en\/bardo-parade-2017-2\/\">Bardo Parade, 2017<\/a><\/li>\n\n\n\n<li><a href=\"http:\/\/www.galerieartconcept.com\/new\/en\/arcadia\/\">Arcadia, 2008<\/a><\/li>\n\n\n\n<li><a href=\"http:\/\/www.galerieartconcept.com\/new\/en\/solo-show-2006\/\">Solo show, 2006<\/a><\/li>\n\n\n\n<li><a href=\"http:\/\/www.galerieartconcept.com\/new\/en\/solo-show-2004\/\">Solo show, 2004<\/a><\/li>\n<\/ul>\n\n\n\n<h4 class=\"wp-block-heading\">T\u00e9l\u00e9chargements<\/h4>\n\n\n\n<div class=\"wp-block-file\"><a id=\"wp-block-file--media-a080166c-3c51-48b7-9d5c-09f1407a820e\" href=\"http:\/\/www.galerieartconcept.com\/wp-content\/uploads\/WB-CV-25.pdf\">CV (pdf)<\/a><a href=\"http:\/\/www.galerieartconcept.com\/wp-content\/uploads\/WB-CV-25.pdf\" class=\"wp-block-file__button wp-element-button\" download aria-describedby=\"wp-block-file--media-a080166c-3c51-48b7-9d5c-09f1407a820e\">Download<\/a><\/div>\n\n\n\n<div class=\"wp-block-file\"><a href=\"http:\/\/www.galerieartconcept.com\/wp-content\/uploads\/Bedford-Presse_compressed.pdf\">Presse (pdf)<\/a><a href=\"http:\/\/www.galerieartconcept.com\/wp-content\/uploads\/Bedford-Presse_compressed.pdf\" class=\"wp-block-file__button wp-element-button\" download>Download<\/a><\/div>\n\n\n\n<p><\/p>\n","protected":false},"excerpt":{"rendered":"<p>Biographie N\u00e9e \u00e0 Baltimore en 1976, Whitney Bedford vit et travaille \u00e0 Los Angeles. \u00ab\u00a0La derni\u00e8re s\u00e9rie de l\u2019artiste r\u00e9unit ce qu\u2019elle appelle des Vedute, un ensemble de peintures de paysages inspir\u00e9es de tableaux de ma\u00eetres de la fin du dix-neuvi\u00e8me si\u00e8cle et du d\u00e9but du vingti\u00e8me si\u00e8cle \u2013 de Degas \u00e0 S\u00e9rusier, Klimt ou [&hellip;]<\/p>\n","protected":false},"author":1,"featured_media":34391,"comment_status":"open","ping_status":"open","sticky":false,"template":"","format":"standard","meta":{"footnotes":""},"categories":[8],"tags":[],"class_list":["post-325","post","type-post","status-publish","format-standard","has-post-thumbnail","hentry","category-artistes"],"_links":{"self":[{"href":"http:\/\/www.galerieartconcept.com\/fr\/wp-json\/wp\/v2\/posts\/325","targetHints":{"allow":["GET"]}}],"collection":[{"href":"http:\/\/www.galerieartconcept.com\/fr\/wp-json\/wp\/v2\/posts"}],"about":[{"href":"http:\/\/www.galerieartconcept.com\/fr\/wp-json\/wp\/v2\/types\/post"}],"author":[{"embeddable":true,"href":"http:\/\/www.galerieartconcept.com\/fr\/wp-json\/wp\/v2\/users\/1"}],"replies":[{"embeddable":true,"href":"http:\/\/www.galerieartconcept.com\/fr\/wp-json\/wp\/v2\/comments?post=325"}],"version-history":[{"count":62,"href":"http:\/\/www.galerieartconcept.com\/fr\/wp-json\/wp\/v2\/posts\/325\/revisions"}],"predecessor-version":[{"id":42333,"href":"http:\/\/www.galerieartconcept.com\/fr\/wp-json\/wp\/v2\/posts\/325\/revisions\/42333"}],"wp:featuredmedia":[{"embeddable":true,"href":"http:\/\/www.galerieartconcept.com\/fr\/wp-json\/wp\/v2\/media\/34391"}],"wp:attachment":[{"href":"http:\/\/www.galerieartconcept.com\/fr\/wp-json\/wp\/v2\/media?parent=325"}],"wp:term":[{"taxonomy":"category","embeddable":true,"href":"http:\/\/www.galerieartconcept.com\/fr\/wp-json\/wp\/v2\/categories?post=325"},{"taxonomy":"post_tag","embeddable":true,"href":"http:\/\/www.galerieartconcept.com\/fr\/wp-json\/wp\/v2\/tags?post=325"}],"curies":[{"name":"wp","href":"https:\/\/api.w.org\/{rel}","templated":true}]}}