{"id":32356,"date":"2024-08-30T14:42:19","date_gmt":"2024-08-30T14:42:19","guid":{"rendered":"http:\/\/www.galerieartconcept.com\/?p=32356"},"modified":"2025-01-09T10:35:09","modified_gmt":"2025-01-09T10:35:09","slug":"corentin-grossmann-astres-7-septembre-2-novembre-2024","status":"publish","type":"post","link":"http:\/\/www.galerieartconcept.com\/fr\/corentin-grossmann-astres-7-septembre-2-novembre-2024\/","title":{"rendered":"Corentin Grossmann, Astres, 7 septembre &#8211; 26 octobre 2024"},"content":{"rendered":"\n<div class=\"wp-block-file\"><a id=\"wp-block-file--media-27cafa1d-e387-4e35-af7e-153e495fa6be\" href=\"http:\/\/www.galerieartconcept.com\/wp-content\/uploads\/CG-expo-map-2024.pdf\">Communiqu\u00e9 de presse (pdf)<\/a><a href=\"http:\/\/www.galerieartconcept.com\/wp-content\/uploads\/CG-expo-map-2024.pdf\" class=\"wp-block-file__button wp-element-button\" download aria-describedby=\"wp-block-file--media-27cafa1d-e387-4e35-af7e-153e495fa6be\">Download<\/a><\/div>\n\n\n\n<div style=\"height:50px\" aria-hidden=\"true\" class=\"wp-block-spacer\"><\/div>\n\n\n\n<figure class=\"wp-block-gallery has-nested-images columns-2 is-cropped wp-block-gallery-1 is-layout-flex wp-block-gallery-is-layout-flex\">\n<figure class=\"wp-block-image size-large\"><img loading=\"lazy\" decoding=\"async\" width=\"1024\" height=\"683\" data-id=\"32591\" src=\"http:\/\/www.galerieartconcept.com\/wp-content\/uploads\/Corentin-Grossmann-8465-HD-4-1024x683.jpg\" alt=\"\" class=\"wp-image-32591\" srcset=\"http:\/\/www.galerieartconcept.com\/wp-content\/uploads\/Corentin-Grossmann-8465-HD-4-1024x683.jpg 1024w, http:\/\/www.galerieartconcept.com\/wp-content\/uploads\/Corentin-Grossmann-8465-HD-4-300x200.jpg 300w, http:\/\/www.galerieartconcept.com\/wp-content\/uploads\/Corentin-Grossmann-8465-HD-4-768x512.jpg 768w, http:\/\/www.galerieartconcept.com\/wp-content\/uploads\/Corentin-Grossmann-8465-HD-4-1536x1025.jpg 1536w, http:\/\/www.galerieartconcept.com\/wp-content\/uploads\/Corentin-Grossmann-8465-HD-4-2048x1366.jpg 2048w, http:\/\/www.galerieartconcept.com\/wp-content\/uploads\/Corentin-Grossmann-8465-HD-4-1200x800.jpg 1200w, http:\/\/www.galerieartconcept.com\/wp-content\/uploads\/Corentin-Grossmann-8465-HD-4-1980x1321.jpg 1980w\" sizes=\"auto, (max-width: 1024px) 100vw, 1024px\" \/><figcaption class=\"wp-element-caption\">Vue d&rsquo;exposition \/ Installation view : Corentin Grossmann, Astres, Art : Concept, 2024. Courtesy the Artist and Art: Concept, Paris. Photo Romain Darnaud<\/figcaption><\/figure>\n\n\n\n<figure class=\"wp-block-image size-large\"><img loading=\"lazy\" decoding=\"async\" width=\"1024\" height=\"683\" data-id=\"32595\" src=\"http:\/\/www.galerieartconcept.com\/wp-content\/uploads\/Corentin-Grossmann-8504-HD-4-1024x683.jpg\" alt=\"\" class=\"wp-image-32595\" srcset=\"http:\/\/www.galerieartconcept.com\/wp-content\/uploads\/Corentin-Grossmann-8504-HD-4-1024x683.jpg 1024w, http:\/\/www.galerieartconcept.com\/wp-content\/uploads\/Corentin-Grossmann-8504-HD-4-300x200.jpg 300w, http:\/\/www.galerieartconcept.com\/wp-content\/uploads\/Corentin-Grossmann-8504-HD-4-768x512.jpg 768w, http:\/\/www.galerieartconcept.com\/wp-content\/uploads\/Corentin-Grossmann-8504-HD-4-1536x1024.jpg 1536w, http:\/\/www.galerieartconcept.com\/wp-content\/uploads\/Corentin-Grossmann-8504-HD-4-2048x1366.jpg 2048w, http:\/\/www.galerieartconcept.com\/wp-content\/uploads\/Corentin-Grossmann-8504-HD-4-1200x800.jpg 1200w, http:\/\/www.galerieartconcept.com\/wp-content\/uploads\/Corentin-Grossmann-8504-HD-4-1980x1321.jpg 1980w\" sizes=\"auto, (max-width: 1024px) 100vw, 1024px\" \/><figcaption class=\"wp-element-caption\">Vue d&rsquo;exposition \/ Installation view : Corentin Grossmann, Astres, Art : Concept, 2024. Courtesy the Artist and Art: Concept, Paris. Photo Romain Darnaud<\/figcaption><\/figure>\n\n\n\n<figure class=\"wp-block-image size-large\"><img loading=\"lazy\" decoding=\"async\" width=\"1024\" height=\"683\" data-id=\"32593\" src=\"http:\/\/www.galerieartconcept.com\/wp-content\/uploads\/Corentin-Grossmann-8480-HD-4-1024x683.jpg\" alt=\"\" class=\"wp-image-32593\" srcset=\"http:\/\/www.galerieartconcept.com\/wp-content\/uploads\/Corentin-Grossmann-8480-HD-4-1024x683.jpg 1024w, http:\/\/www.galerieartconcept.com\/wp-content\/uploads\/Corentin-Grossmann-8480-HD-4-300x200.jpg 300w, http:\/\/www.galerieartconcept.com\/wp-content\/uploads\/Corentin-Grossmann-8480-HD-4-768x512.jpg 768w, http:\/\/www.galerieartconcept.com\/wp-content\/uploads\/Corentin-Grossmann-8480-HD-4-1536x1024.jpg 1536w, http:\/\/www.galerieartconcept.com\/wp-content\/uploads\/Corentin-Grossmann-8480-HD-4-2048x1366.jpg 2048w, http:\/\/www.galerieartconcept.com\/wp-content\/uploads\/Corentin-Grossmann-8480-HD-4-1200x800.jpg 1200w, http:\/\/www.galerieartconcept.com\/wp-content\/uploads\/Corentin-Grossmann-8480-HD-4-1980x1321.jpg 1980w\" sizes=\"auto, (max-width: 1024px) 100vw, 1024px\" \/><figcaption class=\"wp-element-caption\">Vue d&rsquo;exposition \/ Installation view : Corentin Grossmann, Astres, Art : Concept, 2024. Courtesy the Artist and Art: Concept, Paris. Photo Romain Darnaud<\/figcaption><\/figure>\n\n\n\n<figure class=\"wp-block-image size-large\"><img loading=\"lazy\" decoding=\"async\" width=\"1024\" height=\"683\" data-id=\"32597\" src=\"http:\/\/www.galerieartconcept.com\/wp-content\/uploads\/Corentin-Grossmann-8534-HD-4-1024x683.jpg\" alt=\"\" class=\"wp-image-32597\" srcset=\"http:\/\/www.galerieartconcept.com\/wp-content\/uploads\/Corentin-Grossmann-8534-HD-4-1024x683.jpg 1024w, http:\/\/www.galerieartconcept.com\/wp-content\/uploads\/Corentin-Grossmann-8534-HD-4-300x200.jpg 300w, http:\/\/www.galerieartconcept.com\/wp-content\/uploads\/Corentin-Grossmann-8534-HD-4-768x512.jpg 768w, http:\/\/www.galerieartconcept.com\/wp-content\/uploads\/Corentin-Grossmann-8534-HD-4-1536x1024.jpg 1536w, http:\/\/www.galerieartconcept.com\/wp-content\/uploads\/Corentin-Grossmann-8534-HD-4-2048x1366.jpg 2048w, http:\/\/www.galerieartconcept.com\/wp-content\/uploads\/Corentin-Grossmann-8534-HD-4-1200x800.jpg 1200w, http:\/\/www.galerieartconcept.com\/wp-content\/uploads\/Corentin-Grossmann-8534-HD-4-1980x1321.jpg 1980w\" sizes=\"auto, (max-width: 1024px) 100vw, 1024px\" \/><figcaption class=\"wp-element-caption\">Vue d&rsquo;exposition \/ Installation view : Corentin Grossmann, Astres, Art : Concept, 2024. Courtesy the Artist and Art: Concept, Paris. Photo Romain Darnaud<\/figcaption><\/figure>\n\n\n\n<figure class=\"wp-block-image size-large\"><img loading=\"lazy\" decoding=\"async\" width=\"1024\" height=\"683\" data-id=\"32589\" src=\"http:\/\/www.galerieartconcept.com\/wp-content\/uploads\/Corentin-Grossmann-8453-HD-5-1024x683.jpg\" alt=\"\" class=\"wp-image-32589\" srcset=\"http:\/\/www.galerieartconcept.com\/wp-content\/uploads\/Corentin-Grossmann-8453-HD-5-1024x683.jpg 1024w, http:\/\/www.galerieartconcept.com\/wp-content\/uploads\/Corentin-Grossmann-8453-HD-5-300x200.jpg 300w, http:\/\/www.galerieartconcept.com\/wp-content\/uploads\/Corentin-Grossmann-8453-HD-5-768x512.jpg 768w, http:\/\/www.galerieartconcept.com\/wp-content\/uploads\/Corentin-Grossmann-8453-HD-5-1536x1025.jpg 1536w, http:\/\/www.galerieartconcept.com\/wp-content\/uploads\/Corentin-Grossmann-8453-HD-5-2048x1366.jpg 2048w, http:\/\/www.galerieartconcept.com\/wp-content\/uploads\/Corentin-Grossmann-8453-HD-5-1200x800.jpg 1200w, http:\/\/www.galerieartconcept.com\/wp-content\/uploads\/Corentin-Grossmann-8453-HD-5-1980x1321.jpg 1980w\" sizes=\"auto, (max-width: 1024px) 100vw, 1024px\" \/><figcaption class=\"wp-element-caption\">Vue d&rsquo;exposition \/ Installation view : Corentin Grossmann, Astres, Art : Concept, 2024. Courtesy the Artist and Art: Concept, Paris. Photo Romain Darnaud<\/figcaption><\/figure>\n\n\n\n<figure class=\"wp-block-image size-large\"><img loading=\"lazy\" decoding=\"async\" width=\"1024\" height=\"683\" data-id=\"32599\" src=\"http:\/\/www.galerieartconcept.com\/wp-content\/uploads\/Corentin-Grossmann-8537-HD-4-1024x683.jpg\" alt=\"\" class=\"wp-image-32599\" srcset=\"http:\/\/www.galerieartconcept.com\/wp-content\/uploads\/Corentin-Grossmann-8537-HD-4-1024x683.jpg 1024w, http:\/\/www.galerieartconcept.com\/wp-content\/uploads\/Corentin-Grossmann-8537-HD-4-300x200.jpg 300w, http:\/\/www.galerieartconcept.com\/wp-content\/uploads\/Corentin-Grossmann-8537-HD-4-768x512.jpg 768w, http:\/\/www.galerieartconcept.com\/wp-content\/uploads\/Corentin-Grossmann-8537-HD-4-1536x1025.jpg 1536w, http:\/\/www.galerieartconcept.com\/wp-content\/uploads\/Corentin-Grossmann-8537-HD-4-2048x1366.jpg 2048w, http:\/\/www.galerieartconcept.com\/wp-content\/uploads\/Corentin-Grossmann-8537-HD-4-1200x800.jpg 1200w, http:\/\/www.galerieartconcept.com\/wp-content\/uploads\/Corentin-Grossmann-8537-HD-4-1980x1321.jpg 1980w\" sizes=\"auto, (max-width: 1024px) 100vw, 1024px\" \/><figcaption class=\"wp-element-caption\">Vue d&rsquo;exposition \/ Installation view : Corentin Grossmann, Astres, Art : Concept, 2024. Courtesy the Artist and Art: Concept, Paris. Photo Romain Darnaud<\/figcaption><\/figure>\n\n\n\n<figure class=\"wp-block-image size-large\"><img loading=\"lazy\" decoding=\"async\" width=\"1024\" height=\"683\" data-id=\"32601\" src=\"http:\/\/www.galerieartconcept.com\/wp-content\/uploads\/Corentin-Grossmann-8558-HD-4-1024x683.jpg\" alt=\"\" class=\"wp-image-32601\" srcset=\"http:\/\/www.galerieartconcept.com\/wp-content\/uploads\/Corentin-Grossmann-8558-HD-4-1024x683.jpg 1024w, http:\/\/www.galerieartconcept.com\/wp-content\/uploads\/Corentin-Grossmann-8558-HD-4-300x200.jpg 300w, http:\/\/www.galerieartconcept.com\/wp-content\/uploads\/Corentin-Grossmann-8558-HD-4-768x512.jpg 768w, http:\/\/www.galerieartconcept.com\/wp-content\/uploads\/Corentin-Grossmann-8558-HD-4-1536x1025.jpg 1536w, http:\/\/www.galerieartconcept.com\/wp-content\/uploads\/Corentin-Grossmann-8558-HD-4-2048x1366.jpg 2048w, http:\/\/www.galerieartconcept.com\/wp-content\/uploads\/Corentin-Grossmann-8558-HD-4-1200x800.jpg 1200w, http:\/\/www.galerieartconcept.com\/wp-content\/uploads\/Corentin-Grossmann-8558-HD-4-1980x1321.jpg 1980w\" sizes=\"auto, (max-width: 1024px) 100vw, 1024px\" \/><figcaption class=\"wp-element-caption\">Vue d&rsquo;exposition \/ Installation view : Corentin Grossmann, Astres, Art : Concept, 2024. Courtesy the Artist and Art: Concept, Paris. Photo Romain Darnaud<\/figcaption><\/figure>\n\n\n\n<figure class=\"wp-block-image size-large\"><img loading=\"lazy\" decoding=\"async\" width=\"1024\" height=\"683\" data-id=\"32603\" src=\"http:\/\/www.galerieartconcept.com\/wp-content\/uploads\/Corentin-Grossmann-8570-HD-4-1024x683.jpg\" alt=\"\" class=\"wp-image-32603\" srcset=\"http:\/\/www.galerieartconcept.com\/wp-content\/uploads\/Corentin-Grossmann-8570-HD-4-1024x683.jpg 1024w, http:\/\/www.galerieartconcept.com\/wp-content\/uploads\/Corentin-Grossmann-8570-HD-4-300x200.jpg 300w, http:\/\/www.galerieartconcept.com\/wp-content\/uploads\/Corentin-Grossmann-8570-HD-4-768x512.jpg 768w, http:\/\/www.galerieartconcept.com\/wp-content\/uploads\/Corentin-Grossmann-8570-HD-4-1536x1024.jpg 1536w, http:\/\/www.galerieartconcept.com\/wp-content\/uploads\/Corentin-Grossmann-8570-HD-4-2048x1366.jpg 2048w, http:\/\/www.galerieartconcept.com\/wp-content\/uploads\/Corentin-Grossmann-8570-HD-4-1200x800.jpg 1200w, http:\/\/www.galerieartconcept.com\/wp-content\/uploads\/Corentin-Grossmann-8570-HD-4-1980x1321.jpg 1980w\" sizes=\"auto, (max-width: 1024px) 100vw, 1024px\" \/><figcaption class=\"wp-element-caption\">Vue d&rsquo;exposition \/ Installation view : Corentin Grossmann, Astres, Art : Concept, 2024. Courtesy the Artist and Art: Concept, Paris. Photo Romain Darnaud<\/figcaption><\/figure>\n\n\n\n<figure class=\"wp-block-image size-large\"><img loading=\"lazy\" decoding=\"async\" width=\"1024\" height=\"683\" data-id=\"32609\" src=\"http:\/\/www.galerieartconcept.com\/wp-content\/uploads\/Corentin-Grossmann-8656-HD-4-1024x683.jpg\" alt=\"\" class=\"wp-image-32609\" srcset=\"http:\/\/www.galerieartconcept.com\/wp-content\/uploads\/Corentin-Grossmann-8656-HD-4-1024x683.jpg 1024w, http:\/\/www.galerieartconcept.com\/wp-content\/uploads\/Corentin-Grossmann-8656-HD-4-300x200.jpg 300w, http:\/\/www.galerieartconcept.com\/wp-content\/uploads\/Corentin-Grossmann-8656-HD-4-768x512.jpg 768w, http:\/\/www.galerieartconcept.com\/wp-content\/uploads\/Corentin-Grossmann-8656-HD-4-1536x1025.jpg 1536w, http:\/\/www.galerieartconcept.com\/wp-content\/uploads\/Corentin-Grossmann-8656-HD-4-2048x1366.jpg 2048w, http:\/\/www.galerieartconcept.com\/wp-content\/uploads\/Corentin-Grossmann-8656-HD-4-1200x800.jpg 1200w, http:\/\/www.galerieartconcept.com\/wp-content\/uploads\/Corentin-Grossmann-8656-HD-4-1980x1321.jpg 1980w\" sizes=\"auto, (max-width: 1024px) 100vw, 1024px\" \/><figcaption class=\"wp-element-caption\">Vue d&rsquo;exposition \/ Installation view : Corentin Grossmann, Astres, Art : Concept, 2024. Courtesy the Artist and Art: Concept, Paris. Photo Romain Darnaud<\/figcaption><\/figure>\n\n\n\n<figure class=\"wp-block-image size-large\"><img loading=\"lazy\" decoding=\"async\" width=\"1024\" height=\"683\" data-id=\"32607\" src=\"http:\/\/www.galerieartconcept.com\/wp-content\/uploads\/Corentin-Grossmann-8609-HD-4-1024x683.jpg\" alt=\"\" class=\"wp-image-32607\" srcset=\"http:\/\/www.galerieartconcept.com\/wp-content\/uploads\/Corentin-Grossmann-8609-HD-4-1024x683.jpg 1024w, http:\/\/www.galerieartconcept.com\/wp-content\/uploads\/Corentin-Grossmann-8609-HD-4-300x200.jpg 300w, http:\/\/www.galerieartconcept.com\/wp-content\/uploads\/Corentin-Grossmann-8609-HD-4-768x512.jpg 768w, http:\/\/www.galerieartconcept.com\/wp-content\/uploads\/Corentin-Grossmann-8609-HD-4-1536x1024.jpg 1536w, http:\/\/www.galerieartconcept.com\/wp-content\/uploads\/Corentin-Grossmann-8609-HD-4-2048x1366.jpg 2048w, http:\/\/www.galerieartconcept.com\/wp-content\/uploads\/Corentin-Grossmann-8609-HD-4-1200x800.jpg 1200w, http:\/\/www.galerieartconcept.com\/wp-content\/uploads\/Corentin-Grossmann-8609-HD-4-1980x1321.jpg 1980w\" sizes=\"auto, (max-width: 1024px) 100vw, 1024px\" \/><figcaption class=\"wp-element-caption\">Vue d&rsquo;exposition \/ Installation view : Corentin Grossmann, Astres, Art : Concept, 2024. Courtesy the Artist and Art: Concept, Paris. Photo Romain Darnaud<\/figcaption><\/figure>\n\n\n\n<figure class=\"wp-block-image size-large\"><img loading=\"lazy\" decoding=\"async\" width=\"1024\" height=\"683\" data-id=\"32605\" src=\"http:\/\/www.galerieartconcept.com\/wp-content\/uploads\/Corentin-Grossmann-8597-HD-4-1024x683.jpg\" alt=\"\" class=\"wp-image-32605\" srcset=\"http:\/\/www.galerieartconcept.com\/wp-content\/uploads\/Corentin-Grossmann-8597-HD-4-1024x683.jpg 1024w, http:\/\/www.galerieartconcept.com\/wp-content\/uploads\/Corentin-Grossmann-8597-HD-4-300x200.jpg 300w, http:\/\/www.galerieartconcept.com\/wp-content\/uploads\/Corentin-Grossmann-8597-HD-4-768x512.jpg 768w, http:\/\/www.galerieartconcept.com\/wp-content\/uploads\/Corentin-Grossmann-8597-HD-4-1536x1025.jpg 1536w, http:\/\/www.galerieartconcept.com\/wp-content\/uploads\/Corentin-Grossmann-8597-HD-4-2048x1366.jpg 2048w, http:\/\/www.galerieartconcept.com\/wp-content\/uploads\/Corentin-Grossmann-8597-HD-4-1200x800.jpg 1200w, http:\/\/www.galerieartconcept.com\/wp-content\/uploads\/Corentin-Grossmann-8597-HD-4-1980x1321.jpg 1980w\" sizes=\"auto, (max-width: 1024px) 100vw, 1024px\" \/><figcaption class=\"wp-element-caption\">Vue d&rsquo;exposition \/ Installation view : Corentin Grossmann, Astres, Art : Concept, 2024. Courtesy the Artist and Art: Concept, Paris. Photo Romain Darnaud<\/figcaption><\/figure>\n\n\n\n<figure class=\"wp-block-image size-large\"><img loading=\"lazy\" decoding=\"async\" width=\"1024\" height=\"683\" data-id=\"32616\" src=\"http:\/\/www.galerieartconcept.com\/wp-content\/uploads\/Corentin-Grossmann-8570-HD-5-1024x683.jpg\" alt=\"\" class=\"wp-image-32616\" srcset=\"http:\/\/www.galerieartconcept.com\/wp-content\/uploads\/Corentin-Grossmann-8570-HD-5-1024x683.jpg 1024w, http:\/\/www.galerieartconcept.com\/wp-content\/uploads\/Corentin-Grossmann-8570-HD-5-300x200.jpg 300w, http:\/\/www.galerieartconcept.com\/wp-content\/uploads\/Corentin-Grossmann-8570-HD-5-768x512.jpg 768w, http:\/\/www.galerieartconcept.com\/wp-content\/uploads\/Corentin-Grossmann-8570-HD-5-1536x1024.jpg 1536w, http:\/\/www.galerieartconcept.com\/wp-content\/uploads\/Corentin-Grossmann-8570-HD-5-2048x1366.jpg 2048w, http:\/\/www.galerieartconcept.com\/wp-content\/uploads\/Corentin-Grossmann-8570-HD-5-1200x800.jpg 1200w, http:\/\/www.galerieartconcept.com\/wp-content\/uploads\/Corentin-Grossmann-8570-HD-5-1980x1321.jpg 1980w\" sizes=\"auto, (max-width: 1024px) 100vw, 1024px\" \/><\/figure>\n<\/figure>\n\n\n\n<p>Art : Concept est heureux de pr\u00e9senter la 5e exposition personnelle de Corentin Grossmann.<\/p>\n\n\n\n<p>La cinqui\u00e8me exposition personnelle de Grossmann t\u00e9moigne de la poursuite des recherches picturales de l&rsquo;artiste. Ses explorations approfondies de la couleur et de la lumi\u00e8re \u00e9largissent les possibilit\u00e9s d\u2019expression du dessin tout en renfor\u00e7ant la dimension sensorielle et sensuelle de ses \u0153uvres. Pour ces derni\u00e8res, l\u2019artiste adopte une approche musicale de la cr\u00e9ation, d\u00e9butant avec un pigment ou une \u00e9motion pour \u00e9voluer vers le d\u00e9tail, cherchant \u00e0 produire des r\u00e9sonances chez le spectateur. Il privil\u00e9gie une approche vibratoire, o\u00f9 l\u2019\u0153il du spectateur suit une partition color\u00e9e se d\u00e9clinant en une infinit\u00e9 de nuances sensibles. Son crayonn\u00e9 vaporeux vient envelopper les paysages et les personnage d\u2019une atmosph\u00e8re toujours singuli\u00e8re.<\/p>\n\n\n\n<p>Dans l\u2019exposition, plan\u00e8tes et \u00e9toiles occupent une place centrale, apparaissant comme des t\u00e9moins silencieux qui conf\u00e8rent une continuit\u00e9 et une unit\u00e9 \u00e0 l\u2019ensemble des \u0153uvres. Elles symbolisent une vision ch\u00e8re \u00e0 l\u2019artiste, celle des structures r\u00e9currentes qui relient le microcosme et le macrocosme. Le choix du titre s\u2019inscrit dans le prolongement de ses expositions pr\u00e9c\u00e9dentes, marquant son refus de s\u2019enfermer dans une th\u00e9matique unique. Il nous invite ainsi \u00e0 ne pas chercher \u00e0 r\u00e9soudre ce que l&rsquo;on voit, mais plut\u00f4t \u00e0 embrasser la complexit\u00e9 du monde et l&rsquo;interd\u00e9pendance des \u00eatres, en cherchant \u00e0 d\u00e9jouer les processus de cat\u00e9gorisation.<\/p>\n\n\n\n<p>Les astres, sources d\u2019un imaginaire \u00e0 la fois fascinant et merveilleux, refl\u00e8tent l&rsquo;ambigu\u00eft\u00e9 d&rsquo;un temps suspendu (qui est aussi celui de la cr\u00e9ation), o\u00f9 la fronti\u00e8re entre nuit et jour, r\u00eave et r\u00eaverie, s&rsquo;efface. Ces corps c\u00e9lestes, avec leurs r\u00e9volutions, vitesses et trajectoires distinctes, se rencontrent occasionnellement, cr\u00e9ant des configurations aussi inattendues que po\u00e9tiques, \u00e0 l\u2019instar des images de Corentin Grossmann. Cette cohabitation d&rsquo;univers diff\u00e9rents, chacun porteur de sa propre r\u00e9alit\u00e9, illustre la mani\u00e8re dont l&rsquo;artiste per\u00e7oit le monde. Pour lui, r\u00eave et r\u00e9alit\u00e9 ne s\u2019opposent pas ; au contraire, ils coexistent harmonieusement. Apr\u00e8s tout, la r\u00e9alit\u00e9 elle-m\u00eame ne se transforme-t-elle pas selon le regard de chacun ?<\/p>\n\n\n\n<p>L\u2019approche onirique des \u0153uvres de l\u2019artiste ne l\u2019emp\u00eachent pas d\u2019aborder des sujets d\u2019actualit\u00e9. Les questions environnementales, pr\u00e9sentes d\u00e8s ses d\u00e9buts, continuent d\u2019\u00e9voluer au fil de son travail, souvent abord\u00e9es de mani\u00e8re subtile et d\u00e9tourn\u00e9e. Il interroge \u00e9galement la sexualit\u00e9, la repr\u00e9sentation des corps, les st\u00e9r\u00e9otypes de genre et les dynamiques de pouvoir associ\u00e9es. <\/p>\n","protected":false},"excerpt":{"rendered":"<p>Art : Concept est heureux de pr\u00e9senter la 5e exposition personnelle de Corentin Grossmann. La cinqui\u00e8me exposition personnelle de Grossmann t\u00e9moigne de la poursuite des recherches picturales de l&rsquo;artiste. Ses explorations approfondies de la couleur et de la lumi\u00e8re \u00e9largissent les possibilit\u00e9s d\u2019expression du dessin tout en renfor\u00e7ant la dimension sensorielle et sensuelle de ses [&hellip;]<\/p>\n","protected":false},"author":1,"featured_media":0,"comment_status":"open","ping_status":"open","sticky":false,"template":"","format":"standard","meta":{"footnotes":""},"categories":[10],"tags":[],"class_list":["post-32356","post","type-post","status-publish","format-standard","hentry","category-expositions"],"_links":{"self":[{"href":"http:\/\/www.galerieartconcept.com\/fr\/wp-json\/wp\/v2\/posts\/32356","targetHints":{"allow":["GET"]}}],"collection":[{"href":"http:\/\/www.galerieartconcept.com\/fr\/wp-json\/wp\/v2\/posts"}],"about":[{"href":"http:\/\/www.galerieartconcept.com\/fr\/wp-json\/wp\/v2\/types\/post"}],"author":[{"embeddable":true,"href":"http:\/\/www.galerieartconcept.com\/fr\/wp-json\/wp\/v2\/users\/1"}],"replies":[{"embeddable":true,"href":"http:\/\/www.galerieartconcept.com\/fr\/wp-json\/wp\/v2\/comments?post=32356"}],"version-history":[{"count":16,"href":"http:\/\/www.galerieartconcept.com\/fr\/wp-json\/wp\/v2\/posts\/32356\/revisions"}],"predecessor-version":[{"id":36711,"href":"http:\/\/www.galerieartconcept.com\/fr\/wp-json\/wp\/v2\/posts\/32356\/revisions\/36711"}],"wp:attachment":[{"href":"http:\/\/www.galerieartconcept.com\/fr\/wp-json\/wp\/v2\/media?parent=32356"}],"wp:term":[{"taxonomy":"category","embeddable":true,"href":"http:\/\/www.galerieartconcept.com\/fr\/wp-json\/wp\/v2\/categories?post=32356"},{"taxonomy":"post_tag","embeddable":true,"href":"http:\/\/www.galerieartconcept.com\/fr\/wp-json\/wp\/v2\/tags?post=32356"}],"curies":[{"name":"wp","href":"https:\/\/api.w.org\/{rel}","templated":true}]}}