{"id":28316,"date":"2023-11-21T10:45:34","date_gmt":"2023-11-21T10:45:34","guid":{"rendered":"http:\/\/www.galerieartconcept.com\/?p=28316"},"modified":"2025-01-10T11:12:04","modified_gmt":"2025-01-10T11:12:04","slug":"richard-fauguet-pipeshow-25-novembre-2023-13-janvier-2024","status":"publish","type":"post","link":"http:\/\/www.galerieartconcept.com\/fr\/richard-fauguet-pipeshow-25-novembre-2023-13-janvier-2024\/","title":{"rendered":"Richard Fauguet, Pipeshow, 25 novembre 2023 &#8211; 13 janvier 2024"},"content":{"rendered":"\n<div class=\"wp-block-file\"><a href=\"http:\/\/www.galerieartconcept.com\/wp-content\/uploads\/RF-2023-expo-CP.pdf\">Communiqu\u00e9 de presse<\/a><a href=\"http:\/\/www.galerieartconcept.com\/wp-content\/uploads\/RF-2023-expo-CP.pdf\" class=\"wp-block-file__button wp-element-button\" download>Download<\/a><\/div>\n\n\n\n<div style=\"height:50px\" aria-hidden=\"true\" class=\"wp-block-spacer\"><\/div>\n\n\n\n<figure class=\"wp-block-gallery has-nested-images columns-2 is-cropped wp-block-gallery-1 is-layout-flex wp-block-gallery-is-layout-flex\">\n<figure class=\"wp-block-image size-full\"><img loading=\"lazy\" decoding=\"async\" width=\"2560\" height=\"1708\" data-id=\"28365\" src=\"http:\/\/www.galerieartconcept.com\/wp-content\/uploads\/Richard-Fauguet-Expo-4070-HD-1-scaled.jpg\" alt=\"\" class=\"wp-image-28365\" srcset=\"http:\/\/www.galerieartconcept.com\/wp-content\/uploads\/Richard-Fauguet-Expo-4070-HD-1-scaled.jpg 2560w, http:\/\/www.galerieartconcept.com\/wp-content\/uploads\/Richard-Fauguet-Expo-4070-HD-1-300x200.jpg 300w, http:\/\/www.galerieartconcept.com\/wp-content\/uploads\/Richard-Fauguet-Expo-4070-HD-1-1024x683.jpg 1024w, http:\/\/www.galerieartconcept.com\/wp-content\/uploads\/Richard-Fauguet-Expo-4070-HD-1-768x512.jpg 768w, http:\/\/www.galerieartconcept.com\/wp-content\/uploads\/Richard-Fauguet-Expo-4070-HD-1-1536x1025.jpg 1536w, http:\/\/www.galerieartconcept.com\/wp-content\/uploads\/Richard-Fauguet-Expo-4070-HD-1-2048x1366.jpg 2048w, http:\/\/www.galerieartconcept.com\/wp-content\/uploads\/Richard-Fauguet-Expo-4070-HD-1-1200x801.jpg 1200w, http:\/\/www.galerieartconcept.com\/wp-content\/uploads\/Richard-Fauguet-Expo-4070-HD-1-1980x1321.jpg 1980w\" sizes=\"auto, (max-width: 2560px) 100vw, 2560px\" \/><figcaption class=\"wp-element-caption\">Vue d&rsquo;exposition \/ Installation view Richard Fauguet, Pipeshow, 2023. Art : Concept, Paris. Courtesy the Artist and Art : Concept, Paris. Photo by Romain Darnaud<\/figcaption><\/figure>\n\n\n\n<figure class=\"wp-block-image size-full\"><img loading=\"lazy\" decoding=\"async\" width=\"2560\" height=\"1708\" data-id=\"28369\" src=\"http:\/\/www.galerieartconcept.com\/wp-content\/uploads\/Richard-Fauguet-Expo-4109-HD-1-scaled.jpg\" alt=\"\" class=\"wp-image-28369\" srcset=\"http:\/\/www.galerieartconcept.com\/wp-content\/uploads\/Richard-Fauguet-Expo-4109-HD-1-scaled.jpg 2560w, http:\/\/www.galerieartconcept.com\/wp-content\/uploads\/Richard-Fauguet-Expo-4109-HD-1-300x200.jpg 300w, http:\/\/www.galerieartconcept.com\/wp-content\/uploads\/Richard-Fauguet-Expo-4109-HD-1-1024x683.jpg 1024w, http:\/\/www.galerieartconcept.com\/wp-content\/uploads\/Richard-Fauguet-Expo-4109-HD-1-768x512.jpg 768w, http:\/\/www.galerieartconcept.com\/wp-content\/uploads\/Richard-Fauguet-Expo-4109-HD-1-1536x1025.jpg 1536w, http:\/\/www.galerieartconcept.com\/wp-content\/uploads\/Richard-Fauguet-Expo-4109-HD-1-2048x1366.jpg 2048w, http:\/\/www.galerieartconcept.com\/wp-content\/uploads\/Richard-Fauguet-Expo-4109-HD-1-1200x800.jpg 1200w, http:\/\/www.galerieartconcept.com\/wp-content\/uploads\/Richard-Fauguet-Expo-4109-HD-1-1980x1321.jpg 1980w\" sizes=\"auto, (max-width: 2560px) 100vw, 2560px\" \/><figcaption class=\"wp-element-caption\">Vue d&rsquo;exposition \/ Installation view Richard Fauguet, Pipeshow, 2023. Art : Concept, Paris. Courtesy the Artist and Art : Concept, Paris. Photo by Romain Darnaud<\/figcaption><\/figure>\n\n\n\n<figure class=\"wp-block-image size-full\"><img loading=\"lazy\" decoding=\"async\" width=\"2560\" height=\"1708\" data-id=\"28397\" src=\"http:\/\/www.galerieartconcept.com\/wp-content\/uploads\/Richard-Fauguet-Expo-4589-HD-1-scaled.jpg\" alt=\"\" class=\"wp-image-28397\" srcset=\"http:\/\/www.galerieartconcept.com\/wp-content\/uploads\/Richard-Fauguet-Expo-4589-HD-1-scaled.jpg 2560w, http:\/\/www.galerieartconcept.com\/wp-content\/uploads\/Richard-Fauguet-Expo-4589-HD-1-300x200.jpg 300w, http:\/\/www.galerieartconcept.com\/wp-content\/uploads\/Richard-Fauguet-Expo-4589-HD-1-1024x683.jpg 1024w, http:\/\/www.galerieartconcept.com\/wp-content\/uploads\/Richard-Fauguet-Expo-4589-HD-1-768x512.jpg 768w, http:\/\/www.galerieartconcept.com\/wp-content\/uploads\/Richard-Fauguet-Expo-4589-HD-1-1536x1025.jpg 1536w, http:\/\/www.galerieartconcept.com\/wp-content\/uploads\/Richard-Fauguet-Expo-4589-HD-1-2048x1366.jpg 2048w, http:\/\/www.galerieartconcept.com\/wp-content\/uploads\/Richard-Fauguet-Expo-4589-HD-1-1200x800.jpg 1200w, http:\/\/www.galerieartconcept.com\/wp-content\/uploads\/Richard-Fauguet-Expo-4589-HD-1-1980x1321.jpg 1980w\" sizes=\"auto, (max-width: 2560px) 100vw, 2560px\" \/><figcaption class=\"wp-element-caption\">Vue d&rsquo;exposition \/ Installation view Richard Fauguet, Pipeshow, 2023. Art : Concept, Paris. Courtesy the Artist and Art : Concept, Paris. Photo by Romain Darnaud<\/figcaption><\/figure>\n\n\n\n<figure class=\"wp-block-image size-full\"><img loading=\"lazy\" decoding=\"async\" width=\"2560\" height=\"1708\" data-id=\"28375\" src=\"http:\/\/www.galerieartconcept.com\/wp-content\/uploads\/Richard-Fauguet-Expo-4230-HD-1-scaled.jpg\" alt=\"\" class=\"wp-image-28375\" srcset=\"http:\/\/www.galerieartconcept.com\/wp-content\/uploads\/Richard-Fauguet-Expo-4230-HD-1-scaled.jpg 2560w, http:\/\/www.galerieartconcept.com\/wp-content\/uploads\/Richard-Fauguet-Expo-4230-HD-1-300x200.jpg 300w, http:\/\/www.galerieartconcept.com\/wp-content\/uploads\/Richard-Fauguet-Expo-4230-HD-1-1024x683.jpg 1024w, http:\/\/www.galerieartconcept.com\/wp-content\/uploads\/Richard-Fauguet-Expo-4230-HD-1-768x512.jpg 768w, http:\/\/www.galerieartconcept.com\/wp-content\/uploads\/Richard-Fauguet-Expo-4230-HD-1-1536x1025.jpg 1536w, http:\/\/www.galerieartconcept.com\/wp-content\/uploads\/Richard-Fauguet-Expo-4230-HD-1-2048x1366.jpg 2048w, http:\/\/www.galerieartconcept.com\/wp-content\/uploads\/Richard-Fauguet-Expo-4230-HD-1-1200x800.jpg 1200w, http:\/\/www.galerieartconcept.com\/wp-content\/uploads\/Richard-Fauguet-Expo-4230-HD-1-1980x1321.jpg 1980w\" sizes=\"auto, (max-width: 2560px) 100vw, 2560px\" \/><figcaption class=\"wp-element-caption\">Vue d&rsquo;exposition \/ Installation view Richard Fauguet, Pipeshow, 2023. Art : Concept, Paris. Courtesy the Artist and Art : Concept, Paris. Photo by Romain Darnaud<\/figcaption><\/figure>\n\n\n\n<figure class=\"wp-block-image size-full\"><img loading=\"lazy\" decoding=\"async\" width=\"2560\" height=\"1708\" data-id=\"28405\" src=\"http:\/\/www.galerieartconcept.com\/wp-content\/uploads\/Richard-Fauguet-0263-HD-2-scaled.jpg\" alt=\"\" class=\"wp-image-28405\" srcset=\"http:\/\/www.galerieartconcept.com\/wp-content\/uploads\/Richard-Fauguet-0263-HD-2-scaled.jpg 2560w, http:\/\/www.galerieartconcept.com\/wp-content\/uploads\/Richard-Fauguet-0263-HD-2-300x200.jpg 300w, http:\/\/www.galerieartconcept.com\/wp-content\/uploads\/Richard-Fauguet-0263-HD-2-1024x683.jpg 1024w, http:\/\/www.galerieartconcept.com\/wp-content\/uploads\/Richard-Fauguet-0263-HD-2-768x512.jpg 768w, http:\/\/www.galerieartconcept.com\/wp-content\/uploads\/Richard-Fauguet-0263-HD-2-1536x1025.jpg 1536w, http:\/\/www.galerieartconcept.com\/wp-content\/uploads\/Richard-Fauguet-0263-HD-2-2048x1366.jpg 2048w, http:\/\/www.galerieartconcept.com\/wp-content\/uploads\/Richard-Fauguet-0263-HD-2-1200x800.jpg 1200w, http:\/\/www.galerieartconcept.com\/wp-content\/uploads\/Richard-Fauguet-0263-HD-2-1980x1321.jpg 1980w\" sizes=\"auto, (max-width: 2560px) 100vw, 2560px\" \/><figcaption class=\"wp-element-caption\">Richard Fauguet, Fran\u00e7ois, 2023. Bois, acrylique \/ Wood acrylic. 14,5 \u00d7 26,2 \u00d7 16 cm. courtesy the Artist and Art : Concept, Paris. Photo Romain Darnaud<\/figcaption><\/figure>\n\n\n\n<figure class=\"wp-block-image size-full\"><img loading=\"lazy\" decoding=\"async\" width=\"2560\" height=\"1708\" data-id=\"28410\" src=\"http:\/\/www.galerieartconcept.com\/wp-content\/uploads\/Richard-Fauguet-0348-HD-1-scaled.jpg\" alt=\"\" class=\"wp-image-28410\" srcset=\"http:\/\/www.galerieartconcept.com\/wp-content\/uploads\/Richard-Fauguet-0348-HD-1-scaled.jpg 2560w, http:\/\/www.galerieartconcept.com\/wp-content\/uploads\/Richard-Fauguet-0348-HD-1-300x200.jpg 300w, http:\/\/www.galerieartconcept.com\/wp-content\/uploads\/Richard-Fauguet-0348-HD-1-1024x683.jpg 1024w, http:\/\/www.galerieartconcept.com\/wp-content\/uploads\/Richard-Fauguet-0348-HD-1-768x512.jpg 768w, http:\/\/www.galerieartconcept.com\/wp-content\/uploads\/Richard-Fauguet-0348-HD-1-1536x1025.jpg 1536w, http:\/\/www.galerieartconcept.com\/wp-content\/uploads\/Richard-Fauguet-0348-HD-1-2048x1366.jpg 2048w, http:\/\/www.galerieartconcept.com\/wp-content\/uploads\/Richard-Fauguet-0348-HD-1-1200x800.jpg 1200w, http:\/\/www.galerieartconcept.com\/wp-content\/uploads\/Richard-Fauguet-0348-HD-1-1980x1321.jpg 1980w\" sizes=\"auto, (max-width: 2560px) 100vw, 2560px\" \/><figcaption class=\"wp-element-caption\">Richard Fauguet, Andr\u00e9, 2023. Bois, acrylique \/ Wood acrylic. 11,2 \u00d7 21,5 \u00d7 12 cm. courtesy the Artist and Art : Concept, Paris. Photo Romain Darnaud<\/figcaption><\/figure>\n\n\n\n<figure class=\"wp-block-image size-full\"><img loading=\"lazy\" decoding=\"async\" width=\"2560\" height=\"1708\" data-id=\"28415\" src=\"http:\/\/www.galerieartconcept.com\/wp-content\/uploads\/Richard-Fauguet-Pipes-3856-HD-1-scaled.jpg\" alt=\"\" class=\"wp-image-28415\" srcset=\"http:\/\/www.galerieartconcept.com\/wp-content\/uploads\/Richard-Fauguet-Pipes-3856-HD-1-scaled.jpg 2560w, http:\/\/www.galerieartconcept.com\/wp-content\/uploads\/Richard-Fauguet-Pipes-3856-HD-1-300x200.jpg 300w, http:\/\/www.galerieartconcept.com\/wp-content\/uploads\/Richard-Fauguet-Pipes-3856-HD-1-1024x683.jpg 1024w, http:\/\/www.galerieartconcept.com\/wp-content\/uploads\/Richard-Fauguet-Pipes-3856-HD-1-768x512.jpg 768w, http:\/\/www.galerieartconcept.com\/wp-content\/uploads\/Richard-Fauguet-Pipes-3856-HD-1-1536x1025.jpg 1536w, http:\/\/www.galerieartconcept.com\/wp-content\/uploads\/Richard-Fauguet-Pipes-3856-HD-1-2048x1366.jpg 2048w, http:\/\/www.galerieartconcept.com\/wp-content\/uploads\/Richard-Fauguet-Pipes-3856-HD-1-1200x800.jpg 1200w, http:\/\/www.galerieartconcept.com\/wp-content\/uploads\/Richard-Fauguet-Pipes-3856-HD-1-1980x1321.jpg 1980w\" sizes=\"auto, (max-width: 2560px) 100vw, 2560px\" \/><figcaption class=\"wp-element-caption\">Richard Fauguet, Pierre, 2023. Bois, acrylique \/ Wood acrylic. 13,5 \u00d7 29,5 \u00d7 13 cm. courtesy the Artist and Art : Concept, Paris. Photo Romain Darnaud<\/figcaption><\/figure>\n\n\n\n<figure class=\"wp-block-image size-full\"><img loading=\"lazy\" decoding=\"async\" width=\"2560\" height=\"1767\" data-id=\"28444\" src=\"http:\/\/www.galerieartconcept.com\/wp-content\/uploads\/Richard-Fauguet-Chien-3373-HD-1-scaled.jpg\" alt=\"\" class=\"wp-image-28444\" srcset=\"http:\/\/www.galerieartconcept.com\/wp-content\/uploads\/Richard-Fauguet-Chien-3373-HD-1-scaled.jpg 2560w, http:\/\/www.galerieartconcept.com\/wp-content\/uploads\/Richard-Fauguet-Chien-3373-HD-1-300x207.jpg 300w, http:\/\/www.galerieartconcept.com\/wp-content\/uploads\/Richard-Fauguet-Chien-3373-HD-1-1024x707.jpg 1024w, http:\/\/www.galerieartconcept.com\/wp-content\/uploads\/Richard-Fauguet-Chien-3373-HD-1-768x530.jpg 768w, http:\/\/www.galerieartconcept.com\/wp-content\/uploads\/Richard-Fauguet-Chien-3373-HD-1-1536x1060.jpg 1536w, http:\/\/www.galerieartconcept.com\/wp-content\/uploads\/Richard-Fauguet-Chien-3373-HD-1-2048x1414.jpg 2048w, http:\/\/www.galerieartconcept.com\/wp-content\/uploads\/Richard-Fauguet-Chien-3373-HD-1-1200x828.jpg 1200w, http:\/\/www.galerieartconcept.com\/wp-content\/uploads\/Richard-Fauguet-Chien-3373-HD-1-1980x1367.jpg 1980w\" sizes=\"auto, (max-width: 2560px) 100vw, 2560px\" \/><figcaption class=\"wp-element-caption\">Richard Fauguet, Anatole, 2023. Pl\u00e2tre renforc\u00e9, bille. 27 x 52 x 7 cm. Courtesy the Artist and Art : Concept, Paris. Photo Romain Darnaud<\/figcaption><\/figure>\n\n\n\n<figure class=\"wp-block-image size-full\"><img loading=\"lazy\" decoding=\"async\" width=\"2560\" height=\"1708\" data-id=\"28399\" src=\"http:\/\/www.galerieartconcept.com\/wp-content\/uploads\/Richard-Fauguet-Expo-4680-HD-1-scaled.jpg\" alt=\"\" class=\"wp-image-28399\" srcset=\"http:\/\/www.galerieartconcept.com\/wp-content\/uploads\/Richard-Fauguet-Expo-4680-HD-1-scaled.jpg 2560w, http:\/\/www.galerieartconcept.com\/wp-content\/uploads\/Richard-Fauguet-Expo-4680-HD-1-300x200.jpg 300w, http:\/\/www.galerieartconcept.com\/wp-content\/uploads\/Richard-Fauguet-Expo-4680-HD-1-1024x683.jpg 1024w, http:\/\/www.galerieartconcept.com\/wp-content\/uploads\/Richard-Fauguet-Expo-4680-HD-1-768x512.jpg 768w, http:\/\/www.galerieartconcept.com\/wp-content\/uploads\/Richard-Fauguet-Expo-4680-HD-1-1536x1025.jpg 1536w, http:\/\/www.galerieartconcept.com\/wp-content\/uploads\/Richard-Fauguet-Expo-4680-HD-1-2048x1366.jpg 2048w, http:\/\/www.galerieartconcept.com\/wp-content\/uploads\/Richard-Fauguet-Expo-4680-HD-1-1200x800.jpg 1200w, http:\/\/www.galerieartconcept.com\/wp-content\/uploads\/Richard-Fauguet-Expo-4680-HD-1-1980x1321.jpg 1980w\" sizes=\"auto, (max-width: 2560px) 100vw, 2560px\" \/><figcaption class=\"wp-element-caption\">Vue d&rsquo;exposition \/ Installation view Richard Fauguet, Pipeshow, 2023. Art : Concept, Paris. Courtesy the Artist and Art : Concept, Paris. Photo by Romain Darnaud<\/figcaption><\/figure>\n\n\n\n<figure class=\"wp-block-image size-full\"><img loading=\"lazy\" decoding=\"async\" width=\"2560\" height=\"1708\" data-id=\"28381\" src=\"http:\/\/www.galerieartconcept.com\/wp-content\/uploads\/Richard-Fauguet-Expo-4325-HD-1-scaled.jpg\" alt=\"\" class=\"wp-image-28381\" srcset=\"http:\/\/www.galerieartconcept.com\/wp-content\/uploads\/Richard-Fauguet-Expo-4325-HD-1-scaled.jpg 2560w, http:\/\/www.galerieartconcept.com\/wp-content\/uploads\/Richard-Fauguet-Expo-4325-HD-1-300x200.jpg 300w, http:\/\/www.galerieartconcept.com\/wp-content\/uploads\/Richard-Fauguet-Expo-4325-HD-1-1024x683.jpg 1024w, http:\/\/www.galerieartconcept.com\/wp-content\/uploads\/Richard-Fauguet-Expo-4325-HD-1-768x512.jpg 768w, http:\/\/www.galerieartconcept.com\/wp-content\/uploads\/Richard-Fauguet-Expo-4325-HD-1-1536x1025.jpg 1536w, http:\/\/www.galerieartconcept.com\/wp-content\/uploads\/Richard-Fauguet-Expo-4325-HD-1-2048x1366.jpg 2048w, http:\/\/www.galerieartconcept.com\/wp-content\/uploads\/Richard-Fauguet-Expo-4325-HD-1-1200x800.jpg 1200w, http:\/\/www.galerieartconcept.com\/wp-content\/uploads\/Richard-Fauguet-Expo-4325-HD-1-1980x1321.jpg 1980w\" sizes=\"auto, (max-width: 2560px) 100vw, 2560px\" \/><figcaption class=\"wp-element-caption\">Vue d&rsquo;exposition \/ Installation view Richard Fauguet, Pipeshow, 2023. Art : Concept, Paris. Courtesy the Artist and Art : Concept, Paris. Photo by Romain Darnaud<\/figcaption><\/figure>\n\n\n\n<figure class=\"wp-block-image size-full\"><img loading=\"lazy\" decoding=\"async\" width=\"2560\" height=\"1708\" data-id=\"28389\" src=\"http:\/\/www.galerieartconcept.com\/wp-content\/uploads\/Richard-Fauguet-Expo-4495-HD-1-scaled.jpg\" alt=\"\" class=\"wp-image-28389\" srcset=\"http:\/\/www.galerieartconcept.com\/wp-content\/uploads\/Richard-Fauguet-Expo-4495-HD-1-scaled.jpg 2560w, http:\/\/www.galerieartconcept.com\/wp-content\/uploads\/Richard-Fauguet-Expo-4495-HD-1-300x200.jpg 300w, http:\/\/www.galerieartconcept.com\/wp-content\/uploads\/Richard-Fauguet-Expo-4495-HD-1-1024x683.jpg 1024w, http:\/\/www.galerieartconcept.com\/wp-content\/uploads\/Richard-Fauguet-Expo-4495-HD-1-768x512.jpg 768w, http:\/\/www.galerieartconcept.com\/wp-content\/uploads\/Richard-Fauguet-Expo-4495-HD-1-1536x1025.jpg 1536w, http:\/\/www.galerieartconcept.com\/wp-content\/uploads\/Richard-Fauguet-Expo-4495-HD-1-2048x1366.jpg 2048w, http:\/\/www.galerieartconcept.com\/wp-content\/uploads\/Richard-Fauguet-Expo-4495-HD-1-1200x800.jpg 1200w, http:\/\/www.galerieartconcept.com\/wp-content\/uploads\/Richard-Fauguet-Expo-4495-HD-1-1980x1321.jpg 1980w\" sizes=\"auto, (max-width: 2560px) 100vw, 2560px\" \/><figcaption class=\"wp-element-caption\">Vue d&rsquo;exposition \/ Installation view Richard Fauguet, Pipeshow, 2023. Art : Concept, Paris. Courtesy the Artist and Art : Concept, Paris. Photo by Romain Darnaud<\/figcaption><\/figure>\n\n\n\n<figure class=\"wp-block-image size-full\"><img loading=\"lazy\" decoding=\"async\" width=\"2560\" height=\"1707\" data-id=\"28387\" src=\"http:\/\/www.galerieartconcept.com\/wp-content\/uploads\/Richard-Fauguet-Expo-4480-HD-1-scaled.jpg\" alt=\"\" class=\"wp-image-28387\" srcset=\"http:\/\/www.galerieartconcept.com\/wp-content\/uploads\/Richard-Fauguet-Expo-4480-HD-1-scaled.jpg 2560w, http:\/\/www.galerieartconcept.com\/wp-content\/uploads\/Richard-Fauguet-Expo-4480-HD-1-300x200.jpg 300w, http:\/\/www.galerieartconcept.com\/wp-content\/uploads\/Richard-Fauguet-Expo-4480-HD-1-1024x683.jpg 1024w, http:\/\/www.galerieartconcept.com\/wp-content\/uploads\/Richard-Fauguet-Expo-4480-HD-1-768x512.jpg 768w, http:\/\/www.galerieartconcept.com\/wp-content\/uploads\/Richard-Fauguet-Expo-4480-HD-1-1536x1024.jpg 1536w, http:\/\/www.galerieartconcept.com\/wp-content\/uploads\/Richard-Fauguet-Expo-4480-HD-1-2048x1366.jpg 2048w, http:\/\/www.galerieartconcept.com\/wp-content\/uploads\/Richard-Fauguet-Expo-4480-HD-1-1200x800.jpg 1200w, http:\/\/www.galerieartconcept.com\/wp-content\/uploads\/Richard-Fauguet-Expo-4480-HD-1-1980x1320.jpg 1980w\" sizes=\"auto, (max-width: 2560px) 100vw, 2560px\" \/><figcaption class=\"wp-element-caption\">Vue d&rsquo;exposition \/ Installation view Richard Fauguet, Pipeshow, 2023. Art : Concept, Paris. Courtesy the Artist and Art : Concept, Paris. Photo by Romain Darnaud<\/figcaption><\/figure>\n\n\n\n<figure class=\"wp-block-image size-full\"><img loading=\"lazy\" decoding=\"async\" width=\"1707\" height=\"2560\" data-id=\"28424\" src=\"http:\/\/www.galerieartconcept.com\/wp-content\/uploads\/Richard-Fauguet-Platres-3423-HD-1-scaled.jpg\" alt=\"\" class=\"wp-image-28424\" srcset=\"http:\/\/www.galerieartconcept.com\/wp-content\/uploads\/Richard-Fauguet-Platres-3423-HD-1-scaled.jpg 1707w, http:\/\/www.galerieartconcept.com\/wp-content\/uploads\/Richard-Fauguet-Platres-3423-HD-1-200x300.jpg 200w, http:\/\/www.galerieartconcept.com\/wp-content\/uploads\/Richard-Fauguet-Platres-3423-HD-1-683x1024.jpg 683w, http:\/\/www.galerieartconcept.com\/wp-content\/uploads\/Richard-Fauguet-Platres-3423-HD-1-768x1151.jpg 768w, http:\/\/www.galerieartconcept.com\/wp-content\/uploads\/Richard-Fauguet-Platres-3423-HD-1-1024x1536.jpg 1024w, http:\/\/www.galerieartconcept.com\/wp-content\/uploads\/Richard-Fauguet-Platres-3423-HD-1-1366x2048.jpg 1366w, http:\/\/www.galerieartconcept.com\/wp-content\/uploads\/Richard-Fauguet-Platres-3423-HD-1-1200x1799.jpg 1200w, http:\/\/www.galerieartconcept.com\/wp-content\/uploads\/Richard-Fauguet-Platres-3423-HD-1-1980x2969.jpg 1980w\" sizes=\"auto, (max-width: 1707px) 100vw, 1707px\" \/><figcaption class=\"wp-element-caption\">Richard Fauguet, Sans titre, 2021. Pl\u00e2tre, coquilles d&rsquo;hu\u00eetres et plastiline \/ Plaster, oyster shells and plastiline. 28,5 \u00d7 19,5 \u00d7 1 cm. Courtesy the Artist and Art : Concept, Paris. Photo Romain Darnaud<\/figcaption><\/figure>\n\n\n\n<figure class=\"wp-block-image size-full\"><img loading=\"lazy\" decoding=\"async\" width=\"1707\" height=\"2560\" data-id=\"28490\" src=\"http:\/\/www.galerieartconcept.com\/wp-content\/uploads\/Richard-Fauguet-Platres-3354-HD-1-scaled.jpg\" alt=\"\" class=\"wp-image-28490\" srcset=\"http:\/\/www.galerieartconcept.com\/wp-content\/uploads\/Richard-Fauguet-Platres-3354-HD-1-scaled.jpg 1707w, http:\/\/www.galerieartconcept.com\/wp-content\/uploads\/Richard-Fauguet-Platres-3354-HD-1-200x300.jpg 200w, http:\/\/www.galerieartconcept.com\/wp-content\/uploads\/Richard-Fauguet-Platres-3354-HD-1-683x1024.jpg 683w, http:\/\/www.galerieartconcept.com\/wp-content\/uploads\/Richard-Fauguet-Platres-3354-HD-1-768x1151.jpg 768w, http:\/\/www.galerieartconcept.com\/wp-content\/uploads\/Richard-Fauguet-Platres-3354-HD-1-1024x1536.jpg 1024w, http:\/\/www.galerieartconcept.com\/wp-content\/uploads\/Richard-Fauguet-Platres-3354-HD-1-1366x2048.jpg 1366w, http:\/\/www.galerieartconcept.com\/wp-content\/uploads\/Richard-Fauguet-Platres-3354-HD-1-1200x1799.jpg 1200w, http:\/\/www.galerieartconcept.com\/wp-content\/uploads\/Richard-Fauguet-Platres-3354-HD-1-1980x2969.jpg 1980w\" sizes=\"auto, (max-width: 1707px) 100vw, 1707px\" \/><figcaption class=\"wp-element-caption\">Richard Fauguet, Sans titre, 2021. Pl\u00e2tre, coquilles d&rsquo;hu\u00eetres et plastiline \/ Plaster, oyster shells and plastiline. 28,5 \u00d7 19,5 \u00d7 1 cm. Courtesy the Artist and Art : Concept, Paris. Photo Romain Darnaud<\/figcaption><\/figure>\n\n\n\n<figure class=\"wp-block-image size-full\"><img loading=\"lazy\" decoding=\"async\" width=\"1707\" height=\"2560\" data-id=\"28427\" src=\"http:\/\/www.galerieartconcept.com\/wp-content\/uploads\/Richard-Fauguet-Platres-3333-HD-scaled.jpg\" alt=\"\" class=\"wp-image-28427\" srcset=\"http:\/\/www.galerieartconcept.com\/wp-content\/uploads\/Richard-Fauguet-Platres-3333-HD-scaled.jpg 1707w, http:\/\/www.galerieartconcept.com\/wp-content\/uploads\/Richard-Fauguet-Platres-3333-HD-200x300.jpg 200w, http:\/\/www.galerieartconcept.com\/wp-content\/uploads\/Richard-Fauguet-Platres-3333-HD-683x1024.jpg 683w, http:\/\/www.galerieartconcept.com\/wp-content\/uploads\/Richard-Fauguet-Platres-3333-HD-768x1151.jpg 768w, http:\/\/www.galerieartconcept.com\/wp-content\/uploads\/Richard-Fauguet-Platres-3333-HD-1024x1536.jpg 1024w, http:\/\/www.galerieartconcept.com\/wp-content\/uploads\/Richard-Fauguet-Platres-3333-HD-1366x2048.jpg 1366w, http:\/\/www.galerieartconcept.com\/wp-content\/uploads\/Richard-Fauguet-Platres-3333-HD-1200x1799.jpg 1200w, http:\/\/www.galerieartconcept.com\/wp-content\/uploads\/Richard-Fauguet-Platres-3333-HD-1980x2969.jpg 1980w\" sizes=\"auto, (max-width: 1707px) 100vw, 1707px\" \/><figcaption class=\"wp-element-caption\">Richard Fauguet, Sans titre, 2022. Pl\u00e2tre, coquilles d&rsquo;hu\u00eetres, zebraline \/ Plaster, oyster shells, zebraline. 36 \u00d7 27 \u00d7 1 cm (14 \u215b \u00d7 10 \u215d \u00d7 \u215c inches). Courtesy the Artist and Art : Concept, Paris. Photo Romain Darnaud<\/figcaption><\/figure>\n\n\n\n<figure class=\"wp-block-image size-full\"><img loading=\"lazy\" decoding=\"async\" width=\"1707\" height=\"2560\" data-id=\"28493\" src=\"http:\/\/www.galerieartconcept.com\/wp-content\/uploads\/Richard-Fauguet-Platres-3342-HD-scaled.jpg\" alt=\"\" class=\"wp-image-28493\" srcset=\"http:\/\/www.galerieartconcept.com\/wp-content\/uploads\/Richard-Fauguet-Platres-3342-HD-scaled.jpg 1707w, http:\/\/www.galerieartconcept.com\/wp-content\/uploads\/Richard-Fauguet-Platres-3342-HD-200x300.jpg 200w, http:\/\/www.galerieartconcept.com\/wp-content\/uploads\/Richard-Fauguet-Platres-3342-HD-683x1024.jpg 683w, http:\/\/www.galerieartconcept.com\/wp-content\/uploads\/Richard-Fauguet-Platres-3342-HD-768x1151.jpg 768w, http:\/\/www.galerieartconcept.com\/wp-content\/uploads\/Richard-Fauguet-Platres-3342-HD-1024x1536.jpg 1024w, http:\/\/www.galerieartconcept.com\/wp-content\/uploads\/Richard-Fauguet-Platres-3342-HD-1366x2048.jpg 1366w, http:\/\/www.galerieartconcept.com\/wp-content\/uploads\/Richard-Fauguet-Platres-3342-HD-1200x1799.jpg 1200w, http:\/\/www.galerieartconcept.com\/wp-content\/uploads\/Richard-Fauguet-Platres-3342-HD-1980x2969.jpg 1980w\" sizes=\"auto, (max-width: 1707px) 100vw, 1707px\" \/><figcaption class=\"wp-element-caption\">Richard Fauguet, Sans titre, 2022. Pl\u00e2tre, coquilles d&rsquo;hu\u00eetres, zebraline \/ Plaster, oyster shells, zebraline. 36 \u00d7 27 \u00d7 1 cm (14 \u215b \u00d7 10 \u215d \u00d7 \u215c inches). Courtesy the Artist and Art : Concept, Paris. Photo Romain Darnaud<\/figcaption><\/figure>\n\n\n\n<figure class=\"wp-block-image size-full\"><img loading=\"lazy\" decoding=\"async\" width=\"1708\" height=\"2560\" data-id=\"28465\" src=\"http:\/\/www.galerieartconcept.com\/wp-content\/uploads\/Richard-Fauguet-Lampes-3484-HD-2-scaled.jpg\" alt=\"\" class=\"wp-image-28465\" srcset=\"http:\/\/www.galerieartconcept.com\/wp-content\/uploads\/Richard-Fauguet-Lampes-3484-HD-2-scaled.jpg 1708w, http:\/\/www.galerieartconcept.com\/wp-content\/uploads\/Richard-Fauguet-Lampes-3484-HD-2-200x300.jpg 200w, http:\/\/www.galerieartconcept.com\/wp-content\/uploads\/Richard-Fauguet-Lampes-3484-HD-2-683x1024.jpg 683w, http:\/\/www.galerieartconcept.com\/wp-content\/uploads\/Richard-Fauguet-Lampes-3484-HD-2-768x1151.jpg 768w, http:\/\/www.galerieartconcept.com\/wp-content\/uploads\/Richard-Fauguet-Lampes-3484-HD-2-1025x1536.jpg 1025w, http:\/\/www.galerieartconcept.com\/wp-content\/uploads\/Richard-Fauguet-Lampes-3484-HD-2-1366x2048.jpg 1366w, http:\/\/www.galerieartconcept.com\/wp-content\/uploads\/Richard-Fauguet-Lampes-3484-HD-2-1200x1799.jpg 1200w, http:\/\/www.galerieartconcept.com\/wp-content\/uploads\/Richard-Fauguet-Lampes-3484-HD-2-1980x2968.jpg 1980w\" sizes=\"auto, (max-width: 1708px) 100vw, 1708px\" \/><figcaption class=\"wp-element-caption\">Richard Fauguet, Sans titre, 2023. Opaline, syst\u00e8me \u00e9lectrique, forex, lampes \/ Opaline, electric system, forex, lamps, 70 cm. Courtesy the Artist and Art : Concept, Paris. Photo Romain Darnaud<\/figcaption><\/figure>\n\n\n\n<figure class=\"wp-block-image size-full\"><img loading=\"lazy\" decoding=\"async\" width=\"1708\" height=\"2560\" data-id=\"28461\" src=\"http:\/\/www.galerieartconcept.com\/wp-content\/uploads\/Richard-Fauguet-Lampes-3592-HD-1-scaled.jpg\" alt=\"\" class=\"wp-image-28461\" srcset=\"http:\/\/www.galerieartconcept.com\/wp-content\/uploads\/Richard-Fauguet-Lampes-3592-HD-1-scaled.jpg 1708w, http:\/\/www.galerieartconcept.com\/wp-content\/uploads\/Richard-Fauguet-Lampes-3592-HD-1-200x300.jpg 200w, http:\/\/www.galerieartconcept.com\/wp-content\/uploads\/Richard-Fauguet-Lampes-3592-HD-1-683x1024.jpg 683w, http:\/\/www.galerieartconcept.com\/wp-content\/uploads\/Richard-Fauguet-Lampes-3592-HD-1-768x1151.jpg 768w, http:\/\/www.galerieartconcept.com\/wp-content\/uploads\/Richard-Fauguet-Lampes-3592-HD-1-1025x1536.jpg 1025w, http:\/\/www.galerieartconcept.com\/wp-content\/uploads\/Richard-Fauguet-Lampes-3592-HD-1-1366x2048.jpg 1366w, http:\/\/www.galerieartconcept.com\/wp-content\/uploads\/Richard-Fauguet-Lampes-3592-HD-1-1200x1799.jpg 1200w, http:\/\/www.galerieartconcept.com\/wp-content\/uploads\/Richard-Fauguet-Lampes-3592-HD-1-1980x2968.jpg 1980w\" sizes=\"auto, (max-width: 1708px) 100vw, 1708px\" \/><figcaption class=\"wp-element-caption\">Richard Fauguet, Venerd\u00ec, 2023. Opaline, syst\u00e8me \u00e9lectrique, forex, lampes \/ Opaline, electric system, forex, lamps, 75 \u00d7 28 cm. Courtesy the Artist and Art : Concept, Paris. Photo Romain Darnaud<\/figcaption><\/figure>\n\n\n\n<figure class=\"wp-block-image size-full\"><img loading=\"lazy\" decoding=\"async\" width=\"1707\" height=\"2560\" data-id=\"28479\" src=\"http:\/\/www.galerieartconcept.com\/wp-content\/uploads\/Richard-Fauguet-Lampes-3791-HD-scaled.jpg\" alt=\"\" class=\"wp-image-28479\" srcset=\"http:\/\/www.galerieartconcept.com\/wp-content\/uploads\/Richard-Fauguet-Lampes-3791-HD-scaled.jpg 1707w, http:\/\/www.galerieartconcept.com\/wp-content\/uploads\/Richard-Fauguet-Lampes-3791-HD-200x300.jpg 200w, http:\/\/www.galerieartconcept.com\/wp-content\/uploads\/Richard-Fauguet-Lampes-3791-HD-683x1024.jpg 683w, http:\/\/www.galerieartconcept.com\/wp-content\/uploads\/Richard-Fauguet-Lampes-3791-HD-768x1152.jpg 768w, http:\/\/www.galerieartconcept.com\/wp-content\/uploads\/Richard-Fauguet-Lampes-3791-HD-1024x1536.jpg 1024w, http:\/\/www.galerieartconcept.com\/wp-content\/uploads\/Richard-Fauguet-Lampes-3791-HD-1366x2048.jpg 1366w, http:\/\/www.galerieartconcept.com\/wp-content\/uploads\/Richard-Fauguet-Lampes-3791-HD-1200x1799.jpg 1200w, http:\/\/www.galerieartconcept.com\/wp-content\/uploads\/Richard-Fauguet-Lampes-3791-HD-1980x2969.jpg 1980w\" sizes=\"auto, (max-width: 1707px) 100vw, 1707px\" \/><figcaption class=\"wp-element-caption\">Richard Fauguet, Novembre, 2023. Opaline, syst\u00e8me \u00e9lectrique, forex, lampes \/ Opaline, electric system, forex, lamps. 155 cm. Courtesy the Artist and Art : Concept, Paris. Photo Romain Darnaud<\/figcaption><\/figure>\n\n\n\n<figure class=\"wp-block-image size-full\"><img loading=\"lazy\" decoding=\"async\" width=\"1708\" height=\"2560\" data-id=\"28395\" src=\"http:\/\/www.galerieartconcept.com\/wp-content\/uploads\/Richard-Fauguet-Expo-4510-HD-1-scaled.jpg\" alt=\"\" class=\"wp-image-28395\" srcset=\"http:\/\/www.galerieartconcept.com\/wp-content\/uploads\/Richard-Fauguet-Expo-4510-HD-1-scaled.jpg 1708w, http:\/\/www.galerieartconcept.com\/wp-content\/uploads\/Richard-Fauguet-Expo-4510-HD-1-200x300.jpg 200w, http:\/\/www.galerieartconcept.com\/wp-content\/uploads\/Richard-Fauguet-Expo-4510-HD-1-683x1024.jpg 683w, http:\/\/www.galerieartconcept.com\/wp-content\/uploads\/Richard-Fauguet-Expo-4510-HD-1-768x1151.jpg 768w, http:\/\/www.galerieartconcept.com\/wp-content\/uploads\/Richard-Fauguet-Expo-4510-HD-1-1025x1536.jpg 1025w, http:\/\/www.galerieartconcept.com\/wp-content\/uploads\/Richard-Fauguet-Expo-4510-HD-1-1366x2048.jpg 1366w, http:\/\/www.galerieartconcept.com\/wp-content\/uploads\/Richard-Fauguet-Expo-4510-HD-1-1200x1799.jpg 1200w, http:\/\/www.galerieartconcept.com\/wp-content\/uploads\/Richard-Fauguet-Expo-4510-HD-1-1980x2968.jpg 1980w\" sizes=\"auto, (max-width: 1708px) 100vw, 1708px\" \/><figcaption class=\"wp-element-caption\">Vue d&rsquo;exposition \/ Installation view Richard Fauguet, Pipeshow, 2023. Art : Concept, Paris. Courtesy the Artist and Art : Concept, Paris. Photo by Romain Darnaud<\/figcaption><\/figure>\n\n\n\n<figure class=\"wp-block-image size-full\"><img loading=\"lazy\" decoding=\"async\" width=\"1707\" height=\"2560\" data-id=\"28472\" src=\"http:\/\/www.galerieartconcept.com\/wp-content\/uploads\/Richard-Fauguet-Tableaux-3407-HD-scaled.jpg\" alt=\"\" class=\"wp-image-28472\" srcset=\"http:\/\/www.galerieartconcept.com\/wp-content\/uploads\/Richard-Fauguet-Tableaux-3407-HD-scaled.jpg 1707w, http:\/\/www.galerieartconcept.com\/wp-content\/uploads\/Richard-Fauguet-Tableaux-3407-HD-200x300.jpg 200w, http:\/\/www.galerieartconcept.com\/wp-content\/uploads\/Richard-Fauguet-Tableaux-3407-HD-683x1024.jpg 683w, http:\/\/www.galerieartconcept.com\/wp-content\/uploads\/Richard-Fauguet-Tableaux-3407-HD-768x1152.jpg 768w, http:\/\/www.galerieartconcept.com\/wp-content\/uploads\/Richard-Fauguet-Tableaux-3407-HD-1024x1536.jpg 1024w, http:\/\/www.galerieartconcept.com\/wp-content\/uploads\/Richard-Fauguet-Tableaux-3407-HD-1365x2048.jpg 1365w, http:\/\/www.galerieartconcept.com\/wp-content\/uploads\/Richard-Fauguet-Tableaux-3407-HD-1200x1800.jpg 1200w, http:\/\/www.galerieartconcept.com\/wp-content\/uploads\/Richard-Fauguet-Tableaux-3407-HD-1980x2970.jpg 1980w\" sizes=\"auto, (max-width: 1707px) 100vw, 1707px\" \/><figcaption class=\"wp-element-caption\">Richard Fauguet, Picasso Mammouth, 2023. Feutre sur papier aluminium, punaises, contreplaqu\u00e9 peuplier \/ Felt pen on aluminum foil, thumbtacks, poplar plywood. 81,5 \u00d7 61,5 \u00d7 7,5 cm. Courtesy the Artist and Art : Concept, Paris. Photo Romain Darnaud<\/figcaption><\/figure>\n\n\n\n<figure class=\"wp-block-image size-full\"><img loading=\"lazy\" decoding=\"async\" width=\"1707\" height=\"2560\" data-id=\"28468\" src=\"http:\/\/www.galerieartconcept.com\/wp-content\/uploads\/Richard-Fauguet-Tableaux-3389-HD-scaled.jpg\" alt=\"\" class=\"wp-image-28468\" srcset=\"http:\/\/www.galerieartconcept.com\/wp-content\/uploads\/Richard-Fauguet-Tableaux-3389-HD-scaled.jpg 1707w, http:\/\/www.galerieartconcept.com\/wp-content\/uploads\/Richard-Fauguet-Tableaux-3389-HD-200x300.jpg 200w, http:\/\/www.galerieartconcept.com\/wp-content\/uploads\/Richard-Fauguet-Tableaux-3389-HD-683x1024.jpg 683w, http:\/\/www.galerieartconcept.com\/wp-content\/uploads\/Richard-Fauguet-Tableaux-3389-HD-768x1152.jpg 768w, http:\/\/www.galerieartconcept.com\/wp-content\/uploads\/Richard-Fauguet-Tableaux-3389-HD-1024x1536.jpg 1024w, http:\/\/www.galerieartconcept.com\/wp-content\/uploads\/Richard-Fauguet-Tableaux-3389-HD-1365x2048.jpg 1365w, http:\/\/www.galerieartconcept.com\/wp-content\/uploads\/Richard-Fauguet-Tableaux-3389-HD-1200x1800.jpg 1200w, http:\/\/www.galerieartconcept.com\/wp-content\/uploads\/Richard-Fauguet-Tableaux-3389-HD-1980x2970.jpg 1980w\" sizes=\"auto, (max-width: 1707px) 100vw, 1707px\" \/><figcaption class=\"wp-element-caption\">Richard Fauguet, French Theory, 2023. Feutre sur papier aluminium, punaises, contreplaqu\u00e9 peuplier \/ Felt pen on aluminum foil, thumbtacks, poplar plywood. 165,5 \u00d7 115 \u00d7 5 cm. Courtesy the Artist and Art : Concept, Paris. Photo Romain Darnaud<\/figcaption><\/figure>\n\n\n\n<figure class=\"wp-block-image size-full\"><img loading=\"lazy\" decoding=\"async\" width=\"1582\" height=\"2048\" data-id=\"28435\" src=\"http:\/\/www.galerieartconcept.com\/wp-content\/uploads\/RF-2023.jpeg\" alt=\"\" class=\"wp-image-28435\" srcset=\"http:\/\/www.galerieartconcept.com\/wp-content\/uploads\/RF-2023.jpeg 1582w, http:\/\/www.galerieartconcept.com\/wp-content\/uploads\/RF-2023-232x300.jpeg 232w, http:\/\/www.galerieartconcept.com\/wp-content\/uploads\/RF-2023-791x1024.jpeg 791w, http:\/\/www.galerieartconcept.com\/wp-content\/uploads\/RF-2023-768x994.jpeg 768w, http:\/\/www.galerieartconcept.com\/wp-content\/uploads\/RF-2023-1187x1536.jpeg 1187w, http:\/\/www.galerieartconcept.com\/wp-content\/uploads\/RF-2023-1200x1553.jpeg 1200w\" sizes=\"auto, (max-width: 1582px) 100vw, 1582px\" \/><figcaption class=\"wp-element-caption\">Portrait de Richard Fauguet par Michel Aubry, costume de Rodtchenko: Michel Aubry<\/figcaption><\/figure>\n<\/figure>\n\n\n\n<p>\u00ab\u00a0S\u2019il est une chose \u00e0 laquelle Richard Fauguet nous a habitu\u00e9s, c\u2019est celle de nommer ses expositions en usant et abusant de jeux de mots et d\u2019expressions toutes faites, ce qui, dans un champ de l\u2019art o\u00f9 le s\u00e9rieux tient largement la c\u00f4te, tend \u00e0 d\u00e9concerter. Sa nouvelle exposition \u00e0 la galerie Art : Concept ne d\u00e9roge pas \u00e0 la (pseudo) r\u00e8gle et le <em>Pipeshow<\/em> annonc\u00e9 nous fait sourire d\u2019embl\u00e9e avec la promesse d\u2019un spectacle des plus affriolants.\u00a0\u00bb*<\/p>\n\n\n\n<p>*Extrait du communiqu\u00e9 de presse par Xavier Franceschi, commissaire de l&rsquo;exposition.<\/p>\n\n\n\n<p>Nous remercions Rainier Lericolais pour son aide pr\u00e9cieuse dans la production de l&rsquo;exposition.<\/p>\n","protected":false},"excerpt":{"rendered":"<p>\u00ab\u00a0S\u2019il est une chose \u00e0 laquelle Richard Fauguet nous a habitu\u00e9s, c\u2019est celle de nommer ses expositions en usant et abusant de jeux de mots et d\u2019expressions toutes faites, ce qui, dans un champ de l\u2019art o\u00f9 le s\u00e9rieux tient largement la c\u00f4te, tend \u00e0 d\u00e9concerter. Sa nouvelle exposition \u00e0 la galerie Art : Concept [&hellip;]<\/p>\n","protected":false},"author":1,"featured_media":0,"comment_status":"open","ping_status":"open","sticky":false,"template":"","format":"standard","meta":{"footnotes":""},"categories":[10],"tags":[],"class_list":["post-28316","post","type-post","status-publish","format-standard","hentry","category-expositions"],"_links":{"self":[{"href":"http:\/\/www.galerieartconcept.com\/fr\/wp-json\/wp\/v2\/posts\/28316","targetHints":{"allow":["GET"]}}],"collection":[{"href":"http:\/\/www.galerieartconcept.com\/fr\/wp-json\/wp\/v2\/posts"}],"about":[{"href":"http:\/\/www.galerieartconcept.com\/fr\/wp-json\/wp\/v2\/types\/post"}],"author":[{"embeddable":true,"href":"http:\/\/www.galerieartconcept.com\/fr\/wp-json\/wp\/v2\/users\/1"}],"replies":[{"embeddable":true,"href":"http:\/\/www.galerieartconcept.com\/fr\/wp-json\/wp\/v2\/comments?post=28316"}],"version-history":[{"count":22,"href":"http:\/\/www.galerieartconcept.com\/fr\/wp-json\/wp\/v2\/posts\/28316\/revisions"}],"predecessor-version":[{"id":36817,"href":"http:\/\/www.galerieartconcept.com\/fr\/wp-json\/wp\/v2\/posts\/28316\/revisions\/36817"}],"wp:attachment":[{"href":"http:\/\/www.galerieartconcept.com\/fr\/wp-json\/wp\/v2\/media?parent=28316"}],"wp:term":[{"taxonomy":"category","embeddable":true,"href":"http:\/\/www.galerieartconcept.com\/fr\/wp-json\/wp\/v2\/categories?post=28316"},{"taxonomy":"post_tag","embeddable":true,"href":"http:\/\/www.galerieartconcept.com\/fr\/wp-json\/wp\/v2\/tags?post=28316"}],"curies":[{"name":"wp","href":"https:\/\/api.w.org\/{rel}","templated":true}]}}