{"id":262,"date":"2020-08-27T13:41:14","date_gmt":"2020-08-27T13:41:14","guid":{"rendered":"http:\/\/www.galerieartconcept.com\/new\/?p=262"},"modified":"2026-03-24T14:17:36","modified_gmt":"2026-03-24T14:17:36","slug":"whitney-bedford-2-2","status":"publish","type":"post","link":"http:\/\/www.galerieartconcept.com\/en\/whitney-bedford-2-2\/","title":{"rendered":"Whitney Bedford"},"content":{"rendered":"\n<figure class=\"wp-block-gallery has-nested-images columns-2 wp-block-gallery-1 is-layout-flex wp-block-gallery-is-layout-flex\">\n<figure class=\"wp-block-image size-large\"><img loading=\"lazy\" decoding=\"async\" width=\"809\" height=\"1024\" data-id=\"34425\" src=\"http:\/\/www.galerieartconcept.com\/wp-content\/uploads\/Veduta-Derain-Three-Trees-copie-809x1024.jpg\" alt=\"\" class=\"wp-image-34425\" srcset=\"http:\/\/www.galerieartconcept.com\/wp-content\/uploads\/Veduta-Derain-Three-Trees-copie-809x1024.jpg 809w, http:\/\/www.galerieartconcept.com\/wp-content\/uploads\/Veduta-Derain-Three-Trees-copie-237x300.jpg 237w, http:\/\/www.galerieartconcept.com\/wp-content\/uploads\/Veduta-Derain-Three-Trees-copie-768x972.jpg 768w, http:\/\/www.galerieartconcept.com\/wp-content\/uploads\/Veduta-Derain-Three-Trees-copie-1214x1536.jpg 1214w, http:\/\/www.galerieartconcept.com\/wp-content\/uploads\/Veduta-Derain-Three-Trees-copie-1618x2048.jpg 1618w, http:\/\/www.galerieartconcept.com\/wp-content\/uploads\/Veduta-Derain-Three-Trees-copie-1200x1519.jpg 1200w, http:\/\/www.galerieartconcept.com\/wp-content\/uploads\/Veduta-Derain-Three-Trees-copie-1980x2506.jpg 1980w, http:\/\/www.galerieartconcept.com\/wp-content\/uploads\/Veduta-Derain-Three-Trees-copie-scaled.jpg 2023w\" sizes=\"auto, (max-width: 809px) 100vw, 809px\" \/><figcaption class=\"wp-element-caption\">Veduta (Three Trees, L\u2019Estaque), 2024, ink and oil on linen on panel, 100,3 \u00d7 78,7 \u00d7 5 cm (39 \u00bd \u00d7 31 \u00d7 2 inches). Photo Evan Bedford<\/figcaption><\/figure>\n\n\n\n<figure class=\"wp-block-image size-large\"><img loading=\"lazy\" decoding=\"async\" width=\"810\" height=\"1024\" data-id=\"33672\" src=\"http:\/\/www.galerieartconcept.com\/wp-content\/uploads\/Veduta-Monet-Giverny-1-810x1024.jpg\" alt=\"\" class=\"wp-image-33672\" srcset=\"http:\/\/www.galerieartconcept.com\/wp-content\/uploads\/Veduta-Monet-Giverny-1-810x1024.jpg 810w, http:\/\/www.galerieartconcept.com\/wp-content\/uploads\/Veduta-Monet-Giverny-1-237x300.jpg 237w, http:\/\/www.galerieartconcept.com\/wp-content\/uploads\/Veduta-Monet-Giverny-1-768x971.jpg 768w, http:\/\/www.galerieartconcept.com\/wp-content\/uploads\/Veduta-Monet-Giverny-1-1215x1536.jpg 1215w, http:\/\/www.galerieartconcept.com\/wp-content\/uploads\/Veduta-Monet-Giverny-1-1620x2048.jpg 1620w, http:\/\/www.galerieartconcept.com\/wp-content\/uploads\/Veduta-Monet-Giverny-1-1200x1517.jpg 1200w, http:\/\/www.galerieartconcept.com\/wp-content\/uploads\/Veduta-Monet-Giverny-1-1980x2504.jpg 1980w, http:\/\/www.galerieartconcept.com\/wp-content\/uploads\/Veduta-Monet-Giverny-1-scaled.jpg 2025w\" sizes=\"auto, (max-width: 810px) 100vw, 810px\" \/><figcaption class=\"wp-element-caption\">Veduta (Monet Giverny), 2023, ink and oil on linen on panel, 91 \u00d7 81 \u00d7 5 cm (35 \u215e \u00d7 31 \u215e \u00d7 2 inches). Photo Evan Bedford<\/figcaption><\/figure>\n\n\n\n<figure class=\"wp-block-image size-large\"><img loading=\"lazy\" decoding=\"async\" width=\"802\" height=\"1024\" data-id=\"34390\" src=\"http:\/\/www.galerieartconcept.com\/wp-content\/uploads\/Veduta-Gleizes-Med-copie-4-802x1024.jpg\" alt=\"\" class=\"wp-image-34390\" srcset=\"http:\/\/www.galerieartconcept.com\/wp-content\/uploads\/Veduta-Gleizes-Med-copie-4-802x1024.jpg 802w, http:\/\/www.galerieartconcept.com\/wp-content\/uploads\/Veduta-Gleizes-Med-copie-4-235x300.jpg 235w, http:\/\/www.galerieartconcept.com\/wp-content\/uploads\/Veduta-Gleizes-Med-copie-4-768x980.jpg 768w, http:\/\/www.galerieartconcept.com\/wp-content\/uploads\/Veduta-Gleizes-Med-copie-4-1204x1536.jpg 1204w, http:\/\/www.galerieartconcept.com\/wp-content\/uploads\/Veduta-Gleizes-Med-copie-4-1605x2048.jpg 1605w, http:\/\/www.galerieartconcept.com\/wp-content\/uploads\/Veduta-Gleizes-Med-copie-4-1200x1532.jpg 1200w, http:\/\/www.galerieartconcept.com\/wp-content\/uploads\/Veduta-Gleizes-Med-copie-4-1980x2527.jpg 1980w, http:\/\/www.galerieartconcept.com\/wp-content\/uploads\/Veduta-Gleizes-Med-copie-4-scaled.jpg 2006w\" sizes=\"auto, (max-width: 802px) 100vw, 802px\" \/><figcaption class=\"wp-element-caption\">Veduta (Gleizes), 2023, ink and oil on linen on panel, 147,3 \u00d7 114,3 \u00d7 5 cm (58 \u00d7 45 \u00d7 2 inches). Photo Evan Bedford<\/figcaption><\/figure>\n\n\n\n<figure class=\"wp-block-image size-large\"><img loading=\"lazy\" decoding=\"async\" width=\"800\" height=\"1024\" data-id=\"34421\" src=\"http:\/\/www.galerieartconcept.com\/wp-content\/uploads\/WB4-800x1024.jpg\" alt=\"\" class=\"wp-image-34421\" srcset=\"http:\/\/www.galerieartconcept.com\/wp-content\/uploads\/WB4-800x1024.jpg 800w, http:\/\/www.galerieartconcept.com\/wp-content\/uploads\/WB4-234x300.jpg 234w, http:\/\/www.galerieartconcept.com\/wp-content\/uploads\/WB4-768x983.jpg 768w, http:\/\/www.galerieartconcept.com\/wp-content\/uploads\/WB4-1200x1536.jpg 1200w, http:\/\/www.galerieartconcept.com\/wp-content\/uploads\/WB4-1600x2048.jpg 1600w, http:\/\/www.galerieartconcept.com\/wp-content\/uploads\/WB4-1980x2534.jpg 1980w, http:\/\/www.galerieartconcept.com\/wp-content\/uploads\/WB4-scaled.jpg 2000w\" sizes=\"auto, (max-width: 800px) 100vw, 800px\" \/><figcaption class=\"wp-element-caption\">Veduta (Salvo Sera), 2022, Ink and oil on linen on panel, 39,4 \u00d7 31 \u00bd inches (100,08 \u00d7 80,01 cm). Photo Evan Bedford<\/figcaption><\/figure>\n\n\n\n<figure class=\"wp-block-image size-large\"><img loading=\"lazy\" decoding=\"async\" width=\"1024\" height=\"683\" data-id=\"34311\" src=\"http:\/\/www.galerieartconcept.com\/wp-content\/uploads\/Veduta-Leger-copie-1024x683.jpg\" alt=\"\" class=\"wp-image-34311\" srcset=\"http:\/\/www.galerieartconcept.com\/wp-content\/uploads\/Veduta-Leger-copie-1024x683.jpg 1024w, http:\/\/www.galerieartconcept.com\/wp-content\/uploads\/Veduta-Leger-copie-300x200.jpg 300w, http:\/\/www.galerieartconcept.com\/wp-content\/uploads\/Veduta-Leger-copie-768x512.jpg 768w, http:\/\/www.galerieartconcept.com\/wp-content\/uploads\/Veduta-Leger-copie-1536x1024.jpg 1536w, http:\/\/www.galerieartconcept.com\/wp-content\/uploads\/Veduta-Leger-copie-2048x1365.jpg 2048w, http:\/\/www.galerieartconcept.com\/wp-content\/uploads\/Veduta-Leger-copie-1200x800.jpg 1200w, http:\/\/www.galerieartconcept.com\/wp-content\/uploads\/Veduta-Leger-copie-1980x1320.jpg 1980w\" sizes=\"auto, (max-width: 1024px) 100vw, 1024px\" \/><figcaption class=\"wp-element-caption\">Veduta (L\u00e9ger), Ink and oil on linen on panel, 2022, 24 \u00d7 30 \u00d7 2 inches (60,96 \u00d7 76,20 \u00d7 5,08 cm). Photo Evan Bedford<\/figcaption><\/figure>\n\n\n\n<figure class=\"wp-block-image size-large\"><img loading=\"lazy\" decoding=\"async\" width=\"1024\" height=\"683\" data-id=\"34309\" src=\"http:\/\/www.galerieartconcept.com\/wp-content\/uploads\/Veduta-Van-Gogh-Flowers-copie-1024x683.jpg\" alt=\"\" class=\"wp-image-34309\" srcset=\"http:\/\/www.galerieartconcept.com\/wp-content\/uploads\/Veduta-Van-Gogh-Flowers-copie-1024x683.jpg 1024w, http:\/\/www.galerieartconcept.com\/wp-content\/uploads\/Veduta-Van-Gogh-Flowers-copie-300x200.jpg 300w, http:\/\/www.galerieartconcept.com\/wp-content\/uploads\/Veduta-Van-Gogh-Flowers-copie-768x512.jpg 768w, http:\/\/www.galerieartconcept.com\/wp-content\/uploads\/Veduta-Van-Gogh-Flowers-copie-1536x1024.jpg 1536w, http:\/\/www.galerieartconcept.com\/wp-content\/uploads\/Veduta-Van-Gogh-Flowers-copie-2048x1365.jpg 2048w, http:\/\/www.galerieartconcept.com\/wp-content\/uploads\/Veduta-Van-Gogh-Flowers-copie-1200x800.jpg 1200w, http:\/\/www.galerieartconcept.com\/wp-content\/uploads\/Veduta-Van-Gogh-Flowers-copie-1980x1320.jpg 1980w\" sizes=\"auto, (max-width: 1024px) 100vw, 1024px\" \/><figcaption class=\"wp-element-caption\">Whitney Bedford, Veduta (Van Gogh Flowers), 2022, ink and oil on wood on hybrid panel. 32 \u00bd \u00d7 40,1 \u00d7 2 inches (82,55 \u00d7 101,85 \u00d7 5,08 cm). Photo Evan Bedford<\/figcaption><\/figure>\n\n\n\n<figure class=\"wp-block-image size-large\"><img loading=\"lazy\" decoding=\"async\" width=\"1024\" height=\"683\" data-id=\"33674\" src=\"http:\/\/www.galerieartconcept.com\/wp-content\/uploads\/Veduta-Seewald-Med-1-1024x683.jpg\" alt=\"\" class=\"wp-image-33674\" srcset=\"http:\/\/www.galerieartconcept.com\/wp-content\/uploads\/Veduta-Seewald-Med-1-1024x683.jpg 1024w, http:\/\/www.galerieartconcept.com\/wp-content\/uploads\/Veduta-Seewald-Med-1-300x200.jpg 300w, http:\/\/www.galerieartconcept.com\/wp-content\/uploads\/Veduta-Seewald-Med-1-768x512.jpg 768w, http:\/\/www.galerieartconcept.com\/wp-content\/uploads\/Veduta-Seewald-Med-1-1536x1024.jpg 1536w, http:\/\/www.galerieartconcept.com\/wp-content\/uploads\/Veduta-Seewald-Med-1-2048x1365.jpg 2048w, http:\/\/www.galerieartconcept.com\/wp-content\/uploads\/Veduta-Seewald-Med-1-1200x800.jpg 1200w, http:\/\/www.galerieartconcept.com\/wp-content\/uploads\/Veduta-Seewald-Med-1-1980x1320.jpg 1980w\" sizes=\"auto, (max-width: 1024px) 100vw, 1024px\" \/><figcaption class=\"wp-element-caption\">Veduta (Seewald), 2023, ink and oil on linen on panel, 60,9 \u00d7 76,2 \u00d7 5 cm (24 \u00d7 30 \u00d7 2 inches). Photo Evan Bedford<\/figcaption><\/figure>\n\n\n\n<figure class=\"wp-block-image size-large\"><img loading=\"lazy\" decoding=\"async\" width=\"1024\" height=\"683\" data-id=\"26440\" src=\"http:\/\/www.galerieartconcept.com\/wp-content\/uploads\/WB-2022-expo-0-2-1024x683.jpg\" alt=\"\" class=\"wp-image-26440\" srcset=\"http:\/\/www.galerieartconcept.com\/wp-content\/uploads\/WB-2022-expo-0-2-1024x683.jpg 1024w, http:\/\/www.galerieartconcept.com\/wp-content\/uploads\/WB-2022-expo-0-2-300x200.jpg 300w, http:\/\/www.galerieartconcept.com\/wp-content\/uploads\/WB-2022-expo-0-2-768x512.jpg 768w, http:\/\/www.galerieartconcept.com\/wp-content\/uploads\/WB-2022-expo-0-2-1536x1024.jpg 1536w, http:\/\/www.galerieartconcept.com\/wp-content\/uploads\/WB-2022-expo-0-2-2048x1365.jpg 2048w, http:\/\/www.galerieartconcept.com\/wp-content\/uploads\/WB-2022-expo-0-2-1200x800.jpg 1200w, http:\/\/www.galerieartconcept.com\/wp-content\/uploads\/WB-2022-expo-0-2-1980x1320.jpg 1980w\" sizes=\"auto, (max-width: 1024px) 100vw, 1024px\" \/><figcaption class=\"wp-element-caption\"><meta http-equiv=\"content-type\" content=\"text\/html; charset=utf-8\">Vue d&#8217;exposition \/ Installation view Whitney Bedford, Vedute, Art : Concept, Paris, 2022. Photo Nicolas Brasseur<\/figcaption><\/figure>\n\n\n\n<figure class=\"wp-block-image size-large\"><img loading=\"lazy\" decoding=\"async\" width=\"1024\" height=\"724\" data-id=\"34432\" src=\"http:\/\/www.galerieartconcept.com\/wp-content\/uploads\/WB6-1024x724.jpg\" alt=\"\" class=\"wp-image-34432\" srcset=\"http:\/\/www.galerieartconcept.com\/wp-content\/uploads\/WB6-1024x724.jpg 1024w, http:\/\/www.galerieartconcept.com\/wp-content\/uploads\/WB6-300x212.jpg 300w, http:\/\/www.galerieartconcept.com\/wp-content\/uploads\/WB6-768x543.jpg 768w, http:\/\/www.galerieartconcept.com\/wp-content\/uploads\/WB6-1536x1086.jpg 1536w, http:\/\/www.galerieartconcept.com\/wp-content\/uploads\/WB6-2048x1448.jpg 2048w, http:\/\/www.galerieartconcept.com\/wp-content\/uploads\/WB6-1200x848.jpg 1200w, http:\/\/www.galerieartconcept.com\/wp-content\/uploads\/WB6-1980x1400.jpg 1980w\" sizes=\"auto, (max-width: 1024px) 100vw, 1024px\" \/><figcaption class=\"wp-element-caption\">Veduta (Gainsborough), 2020. Ink and oil on panel, 18 x 24 x 2 in. <\/figcaption><\/figure>\n\n\n\n<figure class=\"wp-block-image size-large\"><img loading=\"lazy\" decoding=\"async\" width=\"1024\" height=\"724\" data-id=\"34429\" src=\"http:\/\/www.galerieartconcept.com\/wp-content\/uploads\/WB5-1024x724.jpg\" alt=\"\" class=\"wp-image-34429\" srcset=\"http:\/\/www.galerieartconcept.com\/wp-content\/uploads\/WB5-1024x724.jpg 1024w, http:\/\/www.galerieartconcept.com\/wp-content\/uploads\/WB5-300x212.jpg 300w, http:\/\/www.galerieartconcept.com\/wp-content\/uploads\/WB5-768x543.jpg 768w, http:\/\/www.galerieartconcept.com\/wp-content\/uploads\/WB5-1536x1086.jpg 1536w, http:\/\/www.galerieartconcept.com\/wp-content\/uploads\/WB5-2048x1448.jpg 2048w, http:\/\/www.galerieartconcept.com\/wp-content\/uploads\/WB5-1200x848.jpg 1200w, http:\/\/www.galerieartconcept.com\/wp-content\/uploads\/WB5-1980x1400.jpg 1980w\" sizes=\"auto, (max-width: 1024px) 100vw, 1024px\" \/><figcaption class=\"wp-element-caption\">The Good do Bad, 2017. Ink and oil on panel, 28 x 37 x 1 1\/2 in.<\/figcaption><\/figure>\n\n\n\n<figure class=\"wp-block-image size-large\"><img loading=\"lazy\" decoding=\"async\" width=\"1024\" height=\"683\" data-id=\"552\" src=\"http:\/\/www.galerieartconcept.com\/wp-content\/uploads\/2020\/08\/EWB350-bedford_2020_reflectionsontheanthropocene_hires-1024x683.jpg\" alt=\"\" class=\"wp-image-552\" srcset=\"http:\/\/www.galerieartconcept.com\/wp-content\/uploads\/2020\/08\/EWB350-bedford_2020_reflectionsontheanthropocene_hires-1024x683.jpg 1024w, http:\/\/www.galerieartconcept.com\/wp-content\/uploads\/2020\/08\/EWB350-bedford_2020_reflectionsontheanthropocene_hires-300x200.jpg 300w, http:\/\/www.galerieartconcept.com\/wp-content\/uploads\/2020\/08\/EWB350-bedford_2020_reflectionsontheanthropocene_hires-768x512.jpg 768w, http:\/\/www.galerieartconcept.com\/wp-content\/uploads\/2020\/08\/EWB350-bedford_2020_reflectionsontheanthropocene_hires-1536x1024.jpg 1536w, http:\/\/www.galerieartconcept.com\/wp-content\/uploads\/2020\/08\/EWB350-bedford_2020_reflectionsontheanthropocene_hires-2048x1366.jpg 2048w, http:\/\/www.galerieartconcept.com\/wp-content\/uploads\/2020\/08\/EWB350-bedford_2020_reflectionsontheanthropocene_hires-1200x800.jpg 1200w, http:\/\/www.galerieartconcept.com\/wp-content\/uploads\/2020\/08\/EWB350-bedford_2020_reflectionsontheanthropocene_hires-1980x1320.jpg 1980w\" sizes=\"auto, (max-width: 1024px) 100vw, 1024px\" \/><figcaption class=\"wp-element-caption\">Installation View, West of Eden, Susanne Vielmetter Los Angeles Projects, Los Angeles, 2015. Photo: Robert Wedemeyer.<\/figcaption><\/figure>\n\n\n\n<figure class=\"wp-block-image size-large\"><img loading=\"lazy\" decoding=\"async\" width=\"1024\" height=\"683\" data-id=\"628\" src=\"http:\/\/www.galerieartconcept.com\/wp-content\/uploads\/2020\/08\/EWB331-copie-1024x683.jpg\" alt=\"\" class=\"wp-image-628\" srcset=\"http:\/\/www.galerieartconcept.com\/wp-content\/uploads\/2020\/08\/EWB331-copie-1024x683.jpg 1024w, http:\/\/www.galerieartconcept.com\/wp-content\/uploads\/2020\/08\/EWB331-copie-2048x1365.jpg 2048w, http:\/\/www.galerieartconcept.com\/wp-content\/uploads\/2020\/08\/EWB331-copie-300x200.jpg 300w, http:\/\/www.galerieartconcept.com\/wp-content\/uploads\/2020\/08\/EWB331-copie-768x512.jpg 768w, http:\/\/www.galerieartconcept.com\/wp-content\/uploads\/2020\/08\/EWB331-copie-1536x1024.jpg 1536w, http:\/\/www.galerieartconcept.com\/wp-content\/uploads\/2020\/08\/EWB331-copie-1200x800.jpg 1200w, http:\/\/www.galerieartconcept.com\/wp-content\/uploads\/2020\/08\/EWB331-copie-1980x1320.jpg 1980w\" sizes=\"auto, (max-width: 1024px) 100vw, 1024px\" \/><figcaption class=\"wp-element-caption\">The Night Ahead, 2017. Ink and oil on panel, 36 x 48 x 1 1\/2 in.<\/figcaption><\/figure>\n\n\n\n<figure class=\"wp-block-image size-large\"><img loading=\"lazy\" decoding=\"async\" width=\"1024\" height=\"724\" data-id=\"34438\" src=\"http:\/\/www.galerieartconcept.com\/wp-content\/uploads\/WB9-1024x724.jpg\" alt=\"\" class=\"wp-image-34438\" srcset=\"http:\/\/www.galerieartconcept.com\/wp-content\/uploads\/WB9-1024x724.jpg 1024w, http:\/\/www.galerieartconcept.com\/wp-content\/uploads\/WB9-300x212.jpg 300w, http:\/\/www.galerieartconcept.com\/wp-content\/uploads\/WB9-768x543.jpg 768w, http:\/\/www.galerieartconcept.com\/wp-content\/uploads\/WB9-1536x1086.jpg 1536w, http:\/\/www.galerieartconcept.com\/wp-content\/uploads\/WB9-2048x1448.jpg 2048w, http:\/\/www.galerieartconcept.com\/wp-content\/uploads\/WB9-1200x848.jpg 1200w, http:\/\/www.galerieartconcept.com\/wp-content\/uploads\/WB9-1980x1400.jpg 1980w\" sizes=\"auto, (max-width: 1024px) 100vw, 1024px\" \/><figcaption class=\"wp-element-caption\">The Light Night, 2016. Ink and oil on panel, 36 x 62 in. Private collection<\/figcaption><\/figure>\n\n\n\n<figure class=\"wp-block-image size-large\"><img loading=\"lazy\" decoding=\"async\" width=\"1024\" height=\"724\" data-id=\"34436\" src=\"http:\/\/www.galerieartconcept.com\/wp-content\/uploads\/WB7-1024x724.jpg\" alt=\"\" class=\"wp-image-34436\" srcset=\"http:\/\/www.galerieartconcept.com\/wp-content\/uploads\/WB7-1024x724.jpg 1024w, http:\/\/www.galerieartconcept.com\/wp-content\/uploads\/WB7-300x212.jpg 300w, http:\/\/www.galerieartconcept.com\/wp-content\/uploads\/WB7-768x543.jpg 768w, http:\/\/www.galerieartconcept.com\/wp-content\/uploads\/WB7-1536x1086.jpg 1536w, http:\/\/www.galerieartconcept.com\/wp-content\/uploads\/WB7-2048x1448.jpg 2048w, http:\/\/www.galerieartconcept.com\/wp-content\/uploads\/WB7-1200x848.jpg 1200w, http:\/\/www.galerieartconcept.com\/wp-content\/uploads\/WB7-1980x1400.jpg 1980w\" sizes=\"auto, (max-width: 1024px) 100vw, 1024px\" \/><figcaption class=\"wp-element-caption\">Installation View, West of Eden, Susanne Vielmetter Los Angeles Projects, Los Angeles, 2015. Photo: Robert Wedemeyer.<\/figcaption><\/figure>\n\n\n\n<figure class=\"wp-block-image size-large\"><img loading=\"lazy\" decoding=\"async\" width=\"1024\" height=\"683\" data-id=\"614\" src=\"http:\/\/www.galerieartconcept.com\/wp-content\/uploads\/2020\/08\/EWB326-copie-1024x683.jpg\" alt=\"\" class=\"wp-image-614\" srcset=\"http:\/\/www.galerieartconcept.com\/wp-content\/uploads\/2020\/08\/EWB326-copie-1024x683.jpg 1024w, http:\/\/www.galerieartconcept.com\/wp-content\/uploads\/2020\/08\/EWB326-copie-300x200.jpg 300w, http:\/\/www.galerieartconcept.com\/wp-content\/uploads\/2020\/08\/EWB326-copie-768x513.jpg 768w, http:\/\/www.galerieartconcept.com\/wp-content\/uploads\/2020\/08\/EWB326-copie-1536x1025.jpg 1536w, http:\/\/www.galerieartconcept.com\/wp-content\/uploads\/2020\/08\/EWB326-copie-2048x1367.jpg 2048w, http:\/\/www.galerieartconcept.com\/wp-content\/uploads\/2020\/08\/EWB326-copie-1200x801.jpg 1200w, http:\/\/www.galerieartconcept.com\/wp-content\/uploads\/2020\/08\/EWB326-copie-1980x1322.jpg 1980w\" sizes=\"auto, (max-width: 1024px) 100vw, 1024px\" \/><figcaption class=\"wp-element-caption\">The Soft Day, 2016. Ink and oil on panel, 36 x 62 in. Private collection<\/figcaption><\/figure>\n\n\n\n<figure class=\"wp-block-image size-large\"><img loading=\"lazy\" decoding=\"async\" width=\"1024\" height=\"683\" data-id=\"33689\" src=\"http:\/\/www.galerieartconcept.com\/wp-content\/uploads\/EWB327-Cactus-Trash-and-Treasure-1-1024x683.jpg\" alt=\"\" class=\"wp-image-33689\" srcset=\"http:\/\/www.galerieartconcept.com\/wp-content\/uploads\/EWB327-Cactus-Trash-and-Treasure-1-1024x683.jpg 1024w, http:\/\/www.galerieartconcept.com\/wp-content\/uploads\/EWB327-Cactus-Trash-and-Treasure-1-300x200.jpg 300w, http:\/\/www.galerieartconcept.com\/wp-content\/uploads\/EWB327-Cactus-Trash-and-Treasure-1-768x512.jpg 768w, http:\/\/www.galerieartconcept.com\/wp-content\/uploads\/EWB327-Cactus-Trash-and-Treasure-1-1536x1024.jpg 1536w, http:\/\/www.galerieartconcept.com\/wp-content\/uploads\/EWB327-Cactus-Trash-and-Treasure-1-2048x1365.jpg 2048w, http:\/\/www.galerieartconcept.com\/wp-content\/uploads\/EWB327-Cactus-Trash-and-Treasure-1-1200x800.jpg 1200w, http:\/\/www.galerieartconcept.com\/wp-content\/uploads\/EWB327-Cactus-Trash-and-Treasure-1-1980x1320.jpg 1980w\" sizes=\"auto, (max-width: 1024px) 100vw, 1024px\" \/><figcaption class=\"wp-element-caption\">Cactus Trash and Treasure, 2016, ink and oil on linen on panel, 91,44 \u00d7 121,92 \u00d7 5 cm (36 \u00d7 48 \u00d7 2 inches)<\/figcaption><\/figure>\n\n\n\n<figure class=\"wp-block-image size-large\"><img loading=\"lazy\" decoding=\"async\" width=\"724\" height=\"1024\" data-id=\"34490\" src=\"http:\/\/www.galerieartconcept.com\/wp-content\/uploads\/WB10-1-724x1024.jpg\" alt=\"\" class=\"wp-image-34490\" srcset=\"http:\/\/www.galerieartconcept.com\/wp-content\/uploads\/WB10-1-724x1024.jpg 724w, http:\/\/www.galerieartconcept.com\/wp-content\/uploads\/WB10-1-212x300.jpg 212w, http:\/\/www.galerieartconcept.com\/wp-content\/uploads\/WB10-1-768x1086.jpg 768w, http:\/\/www.galerieartconcept.com\/wp-content\/uploads\/WB10-1-1086x1536.jpg 1086w, http:\/\/www.galerieartconcept.com\/wp-content\/uploads\/WB10-1-1448x2048.jpg 1448w, http:\/\/www.galerieartconcept.com\/wp-content\/uploads\/WB10-1-1200x1697.jpg 1200w, http:\/\/www.galerieartconcept.com\/wp-content\/uploads\/WB10-1-1980x2800.jpg 1980w, http:\/\/www.galerieartconcept.com\/wp-content\/uploads\/WB10-1-scaled.jpg 1810w\" sizes=\"auto, (max-width: 724px) 100vw, 724px\" \/><figcaption class=\"wp-element-caption\">Jane Fonda, 2020. Graphite on Arches hot press paper, 30 x 22 in.<\/figcaption><\/figure>\n\n\n\n<figure class=\"wp-block-image size-large\"><img loading=\"lazy\" decoding=\"async\" width=\"724\" height=\"1024\" data-id=\"34492\" src=\"http:\/\/www.galerieartconcept.com\/wp-content\/uploads\/WB11-1-724x1024.jpg\" alt=\"\" class=\"wp-image-34492\" srcset=\"http:\/\/www.galerieartconcept.com\/wp-content\/uploads\/WB11-1-724x1024.jpg 724w, http:\/\/www.galerieartconcept.com\/wp-content\/uploads\/WB11-1-212x300.jpg 212w, http:\/\/www.galerieartconcept.com\/wp-content\/uploads\/WB11-1-768x1086.jpg 768w, http:\/\/www.galerieartconcept.com\/wp-content\/uploads\/WB11-1-1086x1536.jpg 1086w, http:\/\/www.galerieartconcept.com\/wp-content\/uploads\/WB11-1-1448x2048.jpg 1448w, http:\/\/www.galerieartconcept.com\/wp-content\/uploads\/WB11-1-1200x1697.jpg 1200w, http:\/\/www.galerieartconcept.com\/wp-content\/uploads\/WB11-1-1980x2800.jpg 1980w, http:\/\/www.galerieartconcept.com\/wp-content\/uploads\/WB11-1-scaled.jpg 1810w\" sizes=\"auto, (max-width: 724px) 100vw, 724px\" \/><figcaption class=\"wp-element-caption\">Simone de Beauvoir, 2020<br>Graphite on Arches hot press paper, <br>76,2 \u00d7 55,88 cm (30 \u00d7 22 inches)<\/figcaption><\/figure>\n\n\n\n<figure class=\"wp-block-image size-large\"><img loading=\"lazy\" decoding=\"async\" width=\"1024\" height=\"724\" data-id=\"34468\" src=\"http:\/\/www.galerieartconcept.com\/wp-content\/uploads\/WB12-1024x724.jpg\" alt=\"\" class=\"wp-image-34468\" srcset=\"http:\/\/www.galerieartconcept.com\/wp-content\/uploads\/WB12-1024x724.jpg 1024w, http:\/\/www.galerieartconcept.com\/wp-content\/uploads\/WB12-300x212.jpg 300w, http:\/\/www.galerieartconcept.com\/wp-content\/uploads\/WB12-768x543.jpg 768w, http:\/\/www.galerieartconcept.com\/wp-content\/uploads\/WB12-1536x1086.jpg 1536w, http:\/\/www.galerieartconcept.com\/wp-content\/uploads\/WB12-2048x1448.jpg 2048w, http:\/\/www.galerieartconcept.com\/wp-content\/uploads\/WB12-1200x848.jpg 1200w, http:\/\/www.galerieartconcept.com\/wp-content\/uploads\/WB12-1980x1400.jpg 1980w\" sizes=\"auto, (max-width: 1024px) 100vw, 1024px\" \/><figcaption class=\"wp-element-caption\">Book (Avery), 2012. Ink and oil on panel, 18 x 22 in.<\/figcaption><\/figure>\n\n\n\n<figure class=\"wp-block-image size-large\"><img loading=\"lazy\" decoding=\"async\" width=\"1024\" height=\"724\" data-id=\"34475\" src=\"http:\/\/www.galerieartconcept.com\/wp-content\/uploads\/WB13-2-1024x724.jpg\" alt=\"\" class=\"wp-image-34475\" srcset=\"http:\/\/www.galerieartconcept.com\/wp-content\/uploads\/WB13-2-1024x724.jpg 1024w, http:\/\/www.galerieartconcept.com\/wp-content\/uploads\/WB13-2-300x212.jpg 300w, http:\/\/www.galerieartconcept.com\/wp-content\/uploads\/WB13-2-768x543.jpg 768w, http:\/\/www.galerieartconcept.com\/wp-content\/uploads\/WB13-2-1536x1086.jpg 1536w, http:\/\/www.galerieartconcept.com\/wp-content\/uploads\/WB13-2-2048x1448.jpg 2048w, http:\/\/www.galerieartconcept.com\/wp-content\/uploads\/WB13-2-1200x848.jpg 1200w, http:\/\/www.galerieartconcept.com\/wp-content\/uploads\/WB13-2-1980x1400.jpg 1980w\" sizes=\"auto, (max-width: 1024px) 100vw, 1024px\" \/><figcaption class=\"wp-element-caption\">Book (Guston), 2012<br>Ink and oil on linen on panel, <br>45,72 \u00d7 55,88 cm (18 \u00d7 22 inches)<\/figcaption><\/figure>\n\n\n\n<figure class=\"wp-block-image size-large\"><img loading=\"lazy\" decoding=\"async\" width=\"1024\" height=\"724\" data-id=\"34480\" src=\"http:\/\/www.galerieartconcept.com\/wp-content\/uploads\/WB14-1024x724.jpg\" alt=\"\" class=\"wp-image-34480\" srcset=\"http:\/\/www.galerieartconcept.com\/wp-content\/uploads\/WB14-1024x724.jpg 1024w, http:\/\/www.galerieartconcept.com\/wp-content\/uploads\/WB14-300x212.jpg 300w, http:\/\/www.galerieartconcept.com\/wp-content\/uploads\/WB14-768x543.jpg 768w, http:\/\/www.galerieartconcept.com\/wp-content\/uploads\/WB14-1536x1086.jpg 1536w, http:\/\/www.galerieartconcept.com\/wp-content\/uploads\/WB14-2048x1448.jpg 2048w, http:\/\/www.galerieartconcept.com\/wp-content\/uploads\/WB14-1200x848.jpg 1200w, http:\/\/www.galerieartconcept.com\/wp-content\/uploads\/WB14-1980x1400.jpg 1980w\" sizes=\"auto, (max-width: 1024px) 100vw, 1024px\" \/><figcaption class=\"wp-element-caption\">Diabolique, 2017. Ink and oil on panel, 30 x 42 x 1,75 in. Private collection<\/figcaption><\/figure>\n\n\n\n<figure class=\"wp-block-image size-large\"><img loading=\"lazy\" decoding=\"async\" width=\"1024\" height=\"724\" data-id=\"34478\" src=\"http:\/\/www.galerieartconcept.com\/wp-content\/uploads\/WB15-1024x724.jpg\" alt=\"\" class=\"wp-image-34478\" srcset=\"http:\/\/www.galerieartconcept.com\/wp-content\/uploads\/WB15-1024x724.jpg 1024w, http:\/\/www.galerieartconcept.com\/wp-content\/uploads\/WB15-300x212.jpg 300w, http:\/\/www.galerieartconcept.com\/wp-content\/uploads\/WB15-768x543.jpg 768w, http:\/\/www.galerieartconcept.com\/wp-content\/uploads\/WB15-1536x1086.jpg 1536w, http:\/\/www.galerieartconcept.com\/wp-content\/uploads\/WB15-2048x1448.jpg 2048w, http:\/\/www.galerieartconcept.com\/wp-content\/uploads\/WB15-1200x848.jpg 1200w, http:\/\/www.galerieartconcept.com\/wp-content\/uploads\/WB15-1980x1400.jpg 1980w\" sizes=\"auto, (max-width: 1024px) 100vw, 1024px\" \/><figcaption class=\"wp-element-caption\">(Untitled) Anthem, 2008.<br>Ink and oil on linen on panel, <br>78,5 \u00d7 124,5 cm (30 \u215e \u00d7 49 inches)<\/figcaption><\/figure>\n\n\n\n<figure class=\"wp-block-image size-large\"><img loading=\"lazy\" decoding=\"async\" width=\"1024\" height=\"724\" data-id=\"34483\" src=\"http:\/\/www.galerieartconcept.com\/wp-content\/uploads\/WB16-1024x724.jpg\" alt=\"\" class=\"wp-image-34483\" srcset=\"http:\/\/www.galerieartconcept.com\/wp-content\/uploads\/WB16-1024x724.jpg 1024w, http:\/\/www.galerieartconcept.com\/wp-content\/uploads\/WB16-300x212.jpg 300w, http:\/\/www.galerieartconcept.com\/wp-content\/uploads\/WB16-768x543.jpg 768w, http:\/\/www.galerieartconcept.com\/wp-content\/uploads\/WB16-1536x1086.jpg 1536w, http:\/\/www.galerieartconcept.com\/wp-content\/uploads\/WB16-2048x1448.jpg 2048w, http:\/\/www.galerieartconcept.com\/wp-content\/uploads\/WB16-1200x848.jpg 1200w, http:\/\/www.galerieartconcept.com\/wp-content\/uploads\/WB16-1980x1400.jpg 1980w\" sizes=\"auto, (max-width: 1024px) 100vw, 1024px\" \/><figcaption class=\"wp-element-caption\">Untitled (Minha Luta Tropical), 2006. Ink and oil on panel, 22 x 26 in.<\/figcaption><\/figure>\n\n\n\n<figure class=\"wp-block-image size-large\"><img loading=\"lazy\" decoding=\"async\" width=\"1024\" height=\"724\" data-id=\"34487\" src=\"http:\/\/www.galerieartconcept.com\/wp-content\/uploads\/WB17-1-1024x724.jpg\" alt=\"\" class=\"wp-image-34487\" srcset=\"http:\/\/www.galerieartconcept.com\/wp-content\/uploads\/WB17-1-1024x724.jpg 1024w, http:\/\/www.galerieartconcept.com\/wp-content\/uploads\/WB17-1-300x212.jpg 300w, http:\/\/www.galerieartconcept.com\/wp-content\/uploads\/WB17-1-768x543.jpg 768w, http:\/\/www.galerieartconcept.com\/wp-content\/uploads\/WB17-1-1536x1086.jpg 1536w, http:\/\/www.galerieartconcept.com\/wp-content\/uploads\/WB17-1-2048x1448.jpg 2048w, http:\/\/www.galerieartconcept.com\/wp-content\/uploads\/WB17-1-1200x848.jpg 1200w, http:\/\/www.galerieartconcept.com\/wp-content\/uploads\/WB17-1-1980x1400.jpg 1980w\" sizes=\"auto, (max-width: 1024px) 100vw, 1024px\" \/><\/figure>\n<\/figure>\n\n\n\n<h4 class=\"wp-block-heading\">Biography<\/h4>\n\n\n\n<p>Born in 1976, Whitney Bedford lives and works in Los Angeles.<\/p>\n\n\n\n<p>&#8220;The artist\u2019s latest series brings together what she calls Vedute, a series of landscape paintings inspired by late nineteenth and early twentieth century masters \u2013 from Degas to S\u00e9rusier, Klimt or Van Gogh. As with her paintings of shipwrecks, icebergs, and rainforests, the California-based artist reappropriates this historical legacy and uses it as references for her autobiographical landscapes, which work as contemporary allegories of social and environmental experiences.&#8221; *<\/p>\n\n\n\n<p>Her last works are also the result of a new working process. In the earlier paintings, drawing was used to create an architecture of gesture. From now on, although the drawing is still at the origin of her paintings from a technical point of view, she invents a meticulous process of masking and unmasking that puts the drawn flowers in the foreground. The pastoral scenes, pushed behind or outside the drawing space, seem more distant. The distance thus created between the painting and the drawing underlines the artist&#8217;s search for archives and the rigorous selection of images that seem to belong to a lost or even disappearing world.<\/p>\n\n\n\n<p>On top of her painting practice, she pursues since 2020 an encyclopedic work that consists in drawing a female figure every day, chosen for her determination to make the world a better place. This tirelessly repeated gesture is a sign of solidarity and relentless support for the women who raise their voices. She considers these portraits, systematically posted on Instagram, as votive images, part of the proceeds of which will be donated to the Emily&#8217;s List action committee, which helps to elect progressive, anti-racist Democratic candidates.<\/p>\n\n\n\n<p>* Extract of the press release of her latest show at Art : Concept, 2022.<\/p>\n\n\n\n<p>Her work is present in several international collections such as: Eric Decelle, Brussels, Belgium; Francois Pinault Collection, Paris, FR; Ginette Moulin and Guillaume Houz\u00e9 Contemporary Art Collection, Paris, FR; Hammer Museum, Hammer Contemporary Collection, Los Angeles, US; Jumex Collection, Mexico City, MX; Marciano Art Foundation, Los Angeles, CA; Rosa and Carlos de la Cruz, Miami, US; and The Saatchi Gallery, London, UK. Awards: UCLA Hammer Museum Drawing Biennal, Los Angeles (2001); Peggy Guggenheim Studentship, Venice (1997).<\/p>\n\n\n\n<p>Selected solo exhibitions include: Miles McEnery Gallery, New York (2021); Vielmetter, Los Angeles (2020, 2021 and 2023); Carrie Secrist Gallery, Chicago (2018); Saatchi Gallery, London (2018); Starkwhite, Auckland (2016); Taymour Grahne, New York (2015); Vielmetter, Los Angeles (2011), Houdini: Art and Magic, Jewish Museum, New York (2010).<\/p>\n\n\n\n<h4 class=\"wp-block-heading\">At the gallery<\/h4>\n\n\n\n<ul class=\"wp-block-list\">\n<li><a href=\"http:\/\/www.galerieartconcept.com\/en\/whitney-bedford-vedute\/\" data-type=\"URL\" data-id=\"http:\/\/www.galerieartconcept.com\/en\/whitney-bedford-vedute\/\">Vedute, 2022<\/a><\/li>\n\n\n\n<li><a href=\"http:\/\/www.galerieartconcept.com\/new\/en\/bardo-parade-2017-2\/\">Bardo Parade, 2017<\/a><\/li>\n\n\n\n<li><a href=\"http:\/\/www.galerieartconcept.com\/new\/en\/arcadia\/\">Arcadia, 2008<\/a><\/li>\n\n\n\n<li><a href=\"http:\/\/www.galerieartconcept.com\/new\/en\/solo-show-2006\/\">Solo show, 2006<\/a><\/li>\n\n\n\n<li><a href=\"http:\/\/www.galerieartconcept.com\/new\/en\/solo-show-2004\/\">Solo show, 2004<\/a><\/li>\n<\/ul>\n\n\n\n<h4 class=\"wp-block-heading\">Downloads<\/h4>\n\n\n\n<div class=\"wp-block-file\"><a id=\"wp-block-file--media-b4480427-dfb9-4933-ba53-6a021ec12460\" href=\"http:\/\/www.galerieartconcept.com\/wp-content\/uploads\/WB-CV-25.pdf\">CV (pdf)<\/a><a href=\"http:\/\/www.galerieartconcept.com\/wp-content\/uploads\/WB-CV-25.pdf\" class=\"wp-block-file__button wp-element-button\" download aria-describedby=\"wp-block-file--media-b4480427-dfb9-4933-ba53-6a021ec12460\">Download<\/a><\/div>\n\n\n\n<div class=\"wp-block-file\"><a href=\"http:\/\/www.galerieartconcept.com\/wp-content\/uploads\/Bedford-Presse_compressed.pdf\">Press (pdf)<\/a><a href=\"http:\/\/www.galerieartconcept.com\/wp-content\/uploads\/Bedford-Presse_compressed.pdf\" class=\"wp-block-file__button wp-element-button\" download>Download<\/a><\/div>\n\n\n\n<p><\/p>\n","protected":false},"excerpt":{"rendered":"<p>Biography Born in 1976, Whitney Bedford lives and works in Los Angeles. &#8220;The artist\u2019s latest series brings together what she calls Vedute, a series of landscape paintings inspired by late nineteenth and early twentieth century masters \u2013 from Degas to S\u00e9rusier, Klimt or Van Gogh. As with her paintings of shipwrecks, icebergs, and rainforests, the [&hellip;]<\/p>\n","protected":false},"author":1,"featured_media":34390,"comment_status":"open","ping_status":"open","sticky":false,"template":"","format":"standard","meta":{"footnotes":""},"categories":[5],"tags":[],"class_list":["post-262","post","type-post","status-publish","format-standard","has-post-thumbnail","hentry","category-artists"],"_links":{"self":[{"href":"http:\/\/www.galerieartconcept.com\/en\/wp-json\/wp\/v2\/posts\/262","targetHints":{"allow":["GET"]}}],"collection":[{"href":"http:\/\/www.galerieartconcept.com\/en\/wp-json\/wp\/v2\/posts"}],"about":[{"href":"http:\/\/www.galerieartconcept.com\/en\/wp-json\/wp\/v2\/types\/post"}],"author":[{"embeddable":true,"href":"http:\/\/www.galerieartconcept.com\/en\/wp-json\/wp\/v2\/users\/1"}],"replies":[{"embeddable":true,"href":"http:\/\/www.galerieartconcept.com\/en\/wp-json\/wp\/v2\/comments?post=262"}],"version-history":[{"count":70,"href":"http:\/\/www.galerieartconcept.com\/en\/wp-json\/wp\/v2\/posts\/262\/revisions"}],"predecessor-version":[{"id":42334,"href":"http:\/\/www.galerieartconcept.com\/en\/wp-json\/wp\/v2\/posts\/262\/revisions\/42334"}],"wp:featuredmedia":[{"embeddable":true,"href":"http:\/\/www.galerieartconcept.com\/en\/wp-json\/wp\/v2\/media\/34390"}],"wp:attachment":[{"href":"http:\/\/www.galerieartconcept.com\/en\/wp-json\/wp\/v2\/media?parent=262"}],"wp:term":[{"taxonomy":"category","embeddable":true,"href":"http:\/\/www.galerieartconcept.com\/en\/wp-json\/wp\/v2\/categories?post=262"},{"taxonomy":"post_tag","embeddable":true,"href":"http:\/\/www.galerieartconcept.com\/en\/wp-json\/wp\/v2\/tags?post=262"}],"curies":[{"name":"wp","href":"https:\/\/api.w.org\/{rel}","templated":true}]}}